{"id":639,"date":"2016-11-29T19:28:47","date_gmt":"2016-11-29T19:28:47","guid":{"rendered":"http:\/\/www.sindenfermeiro.com.br\/?p=639"},"modified":"2026-04-29T08:16:43","modified_gmt":"2026-04-29T11:16:43","slug":"sindenfermeiro-participa-de-audiencia-pelo-pagamento-das-pecunias-aos-aposentados","status":"publish","type":"post","link":"https:\/\/sindenfermeiro.com.br\/index.php\/2016\/11\/29\/sindenfermeiro-participa-de-audiencia-pelo-pagamento-das-pecunias-aos-aposentados\/","title":{"rendered":"SindEnfermeiro participa de audi\u00eancia pelo pagamento das pec\u00fanias aos aposentados"},"content":{"rendered":"<p><span style=\"font-size: 14pt\"><em><strong>Governo quer parcelar valores de 2015 e 2016<\/strong><\/em><\/span><\/p>\n<p style=\"text-align: justify\"><span style=\"font-size: 14pt\">O SindEnfermeiro participou, nesta ter\u00e7a (29), de audi\u00eancia p\u00fablica, na C\u00e2mara Legislativa (CLDF), sobre o n\u00e3o pagamento em pec\u00fania da licen\u00e7a-pr\u00eamio aos aposentados. Na audi\u00eancia, servidores da Sa\u00fade e da Educa\u00e7\u00e3o reivindicaram o pagamento dos valores das licen\u00e7as referentes aos a 2015 e 2016.<\/span><\/p>\n<p style=\"text-align: justify\"><span style=\"font-size: 14pt\">Dayse Amarilio, presidente do sindicato, comp\u00f4s a mesa do debate, que contou com a presen\u00e7a do secret\u00e1rio da Fazenda, Jo\u00e3o Ant\u00f4nio Fleury. Dayse Amarilio posicionou-se contra a penaliza\u00e7\u00e3o dos aposentados, em consequ\u00eancia da m\u00e1 gest\u00e3o exercida pelo GDF. \u201cOs aposentados t\u00eam ficado para tr\u00e1s. S\u00e3o servidores que trabalharam e n\u00e3o puderam gozar porque n\u00e3o tinham op\u00e7\u00e3o\u201d, explica Dayse. \u201cOs enfermeiros trabalham em uma carga exaustiva, muitas vezes adoecem com problemas do trabalho, e na aposentadoria n\u00e3o t\u00eam os seus direitos\u201d, completa.<\/span><\/p>\n<p><img loading=\"lazy\" decoding=\"async\" class=\"alignnone size-full wp-image-646\" src=\"http:\/\/www.sindenfermeiro.com.br\/wp-content\/uploads\/2016\/11\/foto1.png\" alt=\"foto1\" width=\"958\" height=\"768\" \/><\/p>\n<p>&nbsp;<\/p>\n<p style=\"text-align: justify\"><span style=\"font-size: 14pt\"><strong>Governo pressiona C\u00e2mara com Projeto de Lei sobre o Iprev<\/strong><\/span><\/p>\n<p style=\"text-align: justify\"><span style=\"font-size: 14pt\">Na \u00faltima segunda (28), o GDF anunciou o envio do Projeto de Lei (1.270\/16) \u00e0 C\u00e2mara. De acordo com o Executivo, \u201ca medida transfere parte do super\u00e1vit do Iprev, no valor total de R$ 493,5 milh\u00f5es, do fundo capitalizado para o fundo financeiro, garantindo assim o pagamento dessas folhas sem atrasos ou parcelamentos\u201d.<\/span><\/p>\n<p style=\"text-align: justify\"><span style=\"font-size: 14pt\">Hoje, no entanto, o secret\u00e1rio da Fazenda, Jo\u00e3o Ant\u00f4nio Fleury sinalizou com o parcelamento das d\u00edvidas que o Governo tem com os aposentados. Fleury pressionou C\u00e2mara e servidores com o Projeto de Lei 1.2170. \u201cSe conseguirmos aprovar o projeto, a gente vai reestabelecer, a partir de dezembro, o cronograma para pagamento das pec\u00fanias de 2015.\u201d, disse Fleury.<\/span><\/p>\n<p style=\"text-align: justify\"><span style=\"font-size: 14pt\">De acordo com o secret\u00e1rio, o Governo pretende parcelar o pagamento das pec\u00fanias de 2015, at\u00e9 fevereiro para, a partir de mar\u00e7o, criar um novo cronograma e parcelar as pec\u00fanias de 2016. \u201cA gente pretende quitar, no m\u00e1ximo em fevereiro. Se conseguirmos quitar em fevereiro, criamos um cronograma para quitar 2016\u201d, concluiu o secret\u00e1rio.<\/span><\/p>\n<p><img loading=\"lazy\" decoding=\"async\" class=\"alignnone size-full wp-image-647\" src=\"http:\/\/www.sindenfermeiro.com.br\/wp-content\/uploads\/2016\/11\/foto2.png\" alt=\"foto2\" width=\"958\" height=\"768\" \/><\/p>\n<p style=\"text-align: justify\"><span style=\"font-size: 14pt\"><strong>Proposta ainda ser\u00e1 analisada <\/strong><\/span><\/p>\n<p style=\"text-align: justify\"><span style=\"font-size: 14pt\">Chico Vigilante (PT), deputado distrital respons\u00e1vel pelo encontro, deixou claro que as propostas do GDF ainda ser\u00e3o devidamente analisadas (pela C\u00e2mara e pelas categorias), antes de uma decis\u00e3o ser tomada. &#8220;N\u00e3o fecharemos nada sem avaliarmos. \u00c9 preciso que os professores e servidores da sa\u00fade se re\u00fanam com seus sindicatos e avaliem este posicionamento do Governo. Posteriormente ser\u00e1 organizado um encontro destes representantes com o governador&#8221;, concluiu o deputado.<\/span><\/p>\n<p style=\"text-align: justify\"><span style=\"font-size: 14pt\"><strong>Apoio aos professores<\/strong><\/span><\/p>\n<p style=\"text-align: justify\"><span style=\"font-size: 14pt\">A presidente do SindEnfermeiro, Dayse Amarilio, prestou apoio tamb\u00e9m ao Sindicato dos Professores (Sinpro) e seus aposentados. \u201c\u00c9 triste as prioridades do Governo. Vamos dar o apoio porque ficamos extremamente sensibilizados com a situa\u00e7\u00e3o (professores acampam, ao lado do Pal\u00e1cio do Buriti, pelo pagamento das pec\u00fanias). Estamos juntos.\u201d, enfatizou Dayse.<\/span><\/p>\n","protected":false},"excerpt":{"rendered":"<p>Governo quer parcelar valores de 2015 e 2016 O SindEnfermeiro participou, nesta ter\u00e7a (29), de audi\u00eancia p\u00fablica, na C\u00e2mara Legislativa (CLDF), sobre o n\u00e3o pagamento em pec\u00fania da licen\u00e7a-pr\u00eamio aos aposentados. Na audi\u00eancia, servidores da Sa\u00fade e da Educa\u00e7\u00e3o reivindicaram o pagamento dos valores das licen\u00e7as referentes aos a 2015 e 2016. Dayse Amarilio, presidente [&hellip;]<\/p>\n","protected":false},"author":6,"featured_media":646,"comment_status":"closed","ping_status":"closed","sticky":false,"template":"","format":"standard","meta":{"footnotes":""},"categories":[6,2],"tags":[],"class_list":["post-639","post","type-post","status-publish","format-standard","has-post-thumbnail","hentry","category-noticias","category-teste"],"_links":{"self":[{"href":"https:\/\/sindenfermeiro.com.br\/index.php\/wp-json\/wp\/v2\/posts\/639","targetHints":{"allow":["GET"]}}],"collection":[{"href":"https:\/\/sindenfermeiro.com.br\/index.php\/wp-json\/wp\/v2\/posts"}],"about":[{"href":"https:\/\/sindenfermeiro.com.br\/index.php\/wp-json\/wp\/v2\/types\/post"}],"author":[{"embeddable":true,"href":"https:\/\/sindenfermeiro.com.br\/index.php\/wp-json\/wp\/v2\/users\/6"}],"replies":[{"embeddable":true,"href":"https:\/\/sindenfermeiro.com.br\/index.php\/wp-json\/wp\/v2\/comments?post=639"}],"version-history":[{"count":1,"href":"https:\/\/sindenfermeiro.com.br\/index.php\/wp-json\/wp\/v2\/posts\/639\/revisions"}],"predecessor-version":[{"id":32996,"href":"https:\/\/sindenfermeiro.com.br\/index.php\/wp-json\/wp\/v2\/posts\/639\/revisions\/32996"}],"wp:featuredmedia":[{"embeddable":true,"href":"https:\/\/sindenfermeiro.com.br\/index.php\/wp-json\/"}],"wp:attachment":[{"href":"https:\/\/sindenfermeiro.com.br\/index.php\/wp-json\/wp\/v2\/media?parent=639"}],"wp:term":[{"taxonomy":"category","embeddable":true,"href":"https:\/\/sindenfermeiro.com.br\/index.php\/wp-json\/wp\/v2\/categories?post=639"},{"taxonomy":"post_tag","embeddable":true,"href":"https:\/\/sindenfermeiro.com.br\/index.php\/wp-json\/wp\/v2\/tags?post=639"}],"curies":[{"name":"wp","href":"https:\/\/api.w.org\/{rel}","templated":true}]}}