{"id":6354,"date":"2019-03-18T20:26:43","date_gmt":"2019-03-18T20:26:43","guid":{"rendered":"http:\/\/www.sindenfermeiro.com.br\/?p=6354"},"modified":"2026-04-26T15:27:14","modified_gmt":"2026-04-26T18:27:14","slug":"sindenfermeiro-realiza-seminario-para-debater-assedio-na-saude","status":"publish","type":"post","link":"https:\/\/sindenfermeiro.com.br\/index.php\/2019\/03\/18\/sindenfermeiro-realiza-seminario-para-debater-assedio-na-saude\/","title":{"rendered":"SindEnfermeiro realiza semin\u00e1rio para debater ass\u00e9dio na sa\u00fade"},"content":{"rendered":"<style type=\"text\/css\">\n#foogallery-gallery-6230 .fg-image { width: 640px; }<\/style>\n\t\t\t<div class=\"foogallery foogallery-container foogallery-image-viewer foogallery-link-image foogallery-lightbox-none fg-center fg-image-viewer fg-ready fg-light fg-border-thin fg-shadow-outline fg-loading-default fg-loaded-fade-in fg-caption-hover fg-hover-fade fg-hover-zoom\" id=\"foogallery-gallery-6230\" data-foogallery=\"{&quot;item&quot;:{&quot;showCaptionTitle&quot;:true,&quot;showCaptionDescription&quot;:true},&quot;lazy&quot;:true,&quot;template&quot;:{&quot;loop&quot;:true}}\" style=\"--fg-title-line-clamp: 0; --fg-description-line-clamp: 0;\" >\n\t<div class=\"fiv-inner\">\n\t\t<div class=\"fiv-inner-container\">\n\t\t\t\t\t<\/div>\n\t\t<div class=\"fiv-ctrls\">\n\t\t\t<button type=\"button\" class=\"fiv-prev\" title=\"Prev\"><span>Prev<\/span><\/button>\n\t\t\t<label class=\"fiv-count\"><span class=\"fiv-count-current\">1<\/span>of<span class=\"fiv-count-total\">108<\/span><\/label>\n\t\t\t<button type=\"button\" class=\"fiv-next\" title=\"Next\"><span>Next<\/span><\/button>\n\t\t<\/div>\n\t<\/div>\n<\/div>\n<p>O SindEnfermeiro-DF realizou no \u00faltimo s\u00e1bado (16), o semin\u00e1rio \u201cViol\u00eancia: enfrentamento e supera\u00e7\u00e3o\u201d. A inten\u00e7\u00e3o do evento foi trazer uma reflex\u00e3o sobre os aspectos que est\u00e3o relacionados ao ass\u00e9dio e a viol\u00eancia, e contou com a presen\u00e7a do deputado distrital Leandro Grass, do secret\u00e1rio-geral do Conselho Regional de Enfermagem do DF (COREN-DF) Tiago Pessoa, da presidente do SindEnfermeiro, Dayse Amar\u00edlio e dos diretores Adriano Lim\u00edrio, Jorge Henrique, Nayara Silva, Lisa Faria e Ana Catarine Carneiro, que idealizou e coordenou o evento.<\/p>\n<p><strong>Iniciativa pensada para as profissionais<\/strong><\/p>\n<p>Para a coordenadora do semin\u00e1rio e diretora do SindEnfermeiro, Ana Catarine Carneiro, a categoria da enfermagem \u00e9 duplamente envolvida no tema da viol\u00eancia. Primeiro como v\u00edtimas e segundo, como agentes de transforma\u00e7\u00e3o. \u201cS\u00e3o comuns casos de profissionais que sofrem viol\u00eancias tanto no trabalho quanto em casa. E tamb\u00e9m compomos as equipes que atendem as v\u00edtimas. Ter conhecimento sobre o tema \u00e9 essencial para que o atendimento n\u00e3o seja mais uma viol\u00eancia. Por isso, consideramos que a informa\u00e7\u00e3o \u00e9 o melhor caminho\u201d, pontua Ana Catarine.<\/p>\n<p>Segundo presidente do SindEnfermeiro, Dayse Amar\u00edlio, o ass\u00e9dio \u00e9 uma realidade muito comum no dia a dia das profissionais da sa\u00fade, seja no atendimento das v\u00edtimas ou contra as pr\u00f3prias trabalhadoras. Para Dayse, o papel do sindicato enquanto entidade que representa a categoria da enfermagem \u00e9 denunciar essas situa\u00e7\u00f5es e debater com os profissionais.<\/p>\n<p>\u201c\u00c9 importante que as mulheres estejam dentro de um elo de prote\u00e7\u00e3o. N\u00f3s esper\u00e1vamos uma maior ades\u00e3o, tanto das mulheres, quando da categoria. Conseguimos mobilizar e trazer representa\u00e7\u00f5es de diversos setores da sociedade, no Minist\u00e9rio da Sa\u00fade, do MPT, psic\u00f3logos, da Secretaria de Sa\u00fade, e seria incr\u00edvel se todos os trabalhadores participassem dessa discuss\u00e3o\u201d, destaca Dayse.<\/p>\n<p><strong>E o papel do governo?<\/strong><\/p>\n<p>Fernanda Falcomer, coordenadora de preven\u00e7\u00e3o e aten\u00e7\u00e3o a viol\u00eancia no SUS\/DF, explicou como \u00e9 o trabalho de atendimento de sa\u00fade as v\u00edtimas de viol\u00eancia no Distrito Federal. J\u00e1 a procuradora do Minist\u00e9rio P\u00fablico do Trabalho (MPT), Renata Coelho, debateu sobre ass\u00e9dio no trabalho. Durante a palestra, a procuradora apontou e ressaltou o papel do MPT no combate a todo tipo de ass\u00e9dio em ambientes de trabalho.<\/p>\n<p><strong>Profissionais na linha de frente<\/strong><\/p>\n<p>Durante todo o dia, temas como ass\u00e9dio no trabalho, atendimento de sa\u00fade \u00e0 v\u00edtima, g\u00eanero, ativismo feminino e masculinidade saud\u00e1vel foram discutidos em palestras e mesas de discuss\u00e3o. Para a enfermeira Lindi Mendes, debates como esses s\u00e3o essenciais para os profissionais da sa\u00fade, principalmente por estarem na linha de frente do atendimento.<\/p>\n<p>\u201c\u00c9 absurdo o n\u00famero de casos de viol\u00eancia contra a mulher de n\u00f3s \u2013 enfermeiros \u2013 nos deparamos. E muitas delas n\u00e3o querem denunciar. Prcebemos que existem diversas quest\u00f5es por tr\u00e1s dessa situa\u00e7\u00e3o. Existe e medo, quest\u00f5es financeiras e n\u00f3s somos uma porta de entrada para essas quest\u00f5es. Saber identificar e saber como agir nessa quest\u00f5es \u00e9 muito importante\u201d, completa Lindi.<\/p>\n<p>A estudante de enfermagem, L\u00edgia Maria, ressaltou a import\u00e2ncia pol\u00edtica, profissional e pessoal desse tipo de evento para todas as pessoas, principalmente para as profissionais de sa\u00fade. \u201cComo cidad\u00e3s, \u00e9 preciso que sejamos capazes de ter empatia pelas mulheres v\u00edtimas dos mais variados tipos de viol\u00eancia e, ainda, de reconhecer se n\u00f3s mesmas estamos inseridas em um panorama que nos torna uma dessas v\u00edtimas\u201d.<\/p>\n<p>\u201cA iniciativa do SindEnfermeiro de ministrar esses conhecimentos, capacitando em algum n\u00edvel as profissionais que tiveram e ter\u00e3o acesso ao conte\u00fado, mostra a essencial preocupa\u00e7\u00e3o em dar aten\u00e7\u00e3o \u00e0 pauta n\u00e3o s\u00f3 pela sua dissemina\u00e7\u00e3o atual, mas por suas implica\u00e7\u00f5es para nossas pacientes e nossas colegas. O semin\u00e1rio foi uma maneira de, enquanto entidade de representa\u00e7\u00e3o, consolidar todos os pontos envolvidos: a import\u00e2ncia de nos inteirarmos sobre o tema desde a pr\u00e1tica profissional at\u00e9 o papel social, pelos quais somos respons\u00e1veis dentro da nossa categoria\u201d, afirma L\u00edgia.<\/p>\n<p>O semin\u00e1rio \u201cViol\u00eancia: enfrentamento e supera\u00e7\u00e3o\u201d \u00e9 uma das a\u00e7\u00f5es que o SindEnfermeiro-DF vem desenvolvendo com a categoria. A inten\u00e7\u00e3o \u00e9 que a partir do pensamento cr\u00edtico e da observa\u00e7\u00e3o de fatos do cotidiano, a realidade dos profissionais seja transformada, refletindo tamb\u00e9m na transforma\u00e7\u00e3o da sociedade que estamos inseridos.<\/p>\n","protected":false},"excerpt":{"rendered":"<p>O SindEnfermeiro-DF realizou no \u00faltimo s\u00e1bado (16), o semin\u00e1rio \u201cViol\u00eancia: enfrentamento e supera\u00e7\u00e3o\u201d. A inten\u00e7\u00e3o do evento foi trazer uma reflex\u00e3o sobre os aspectos que est\u00e3o relacionados ao ass\u00e9dio e a viol\u00eancia, e contou com a presen\u00e7a do deputado distrital Leandro Grass, do secret\u00e1rio-geral do Conselho Regional de Enfermagem do DF (COREN-DF) Tiago Pessoa, da [&hellip;]<\/p>\n","protected":false},"author":6,"featured_media":6275,"comment_status":"closed","ping_status":"closed","sticky":false,"template":"","format":"standard","meta":{"footnotes":""},"categories":[6,13,5],"tags":[],"class_list":["post-6354","post","type-post","status-publish","format-standard","has-post-thumbnail","hentry","category-noticias","category-rede-privada","category-rede-publica"],"_links":{"self":[{"href":"https:\/\/sindenfermeiro.com.br\/index.php\/wp-json\/wp\/v2\/posts\/6354","targetHints":{"allow":["GET"]}}],"collection":[{"href":"https:\/\/sindenfermeiro.com.br\/index.php\/wp-json\/wp\/v2\/posts"}],"about":[{"href":"https:\/\/sindenfermeiro.com.br\/index.php\/wp-json\/wp\/v2\/types\/post"}],"author":[{"embeddable":true,"href":"https:\/\/sindenfermeiro.com.br\/index.php\/wp-json\/wp\/v2\/users\/6"}],"replies":[{"embeddable":true,"href":"https:\/\/sindenfermeiro.com.br\/index.php\/wp-json\/wp\/v2\/comments?post=6354"}],"version-history":[{"count":1,"href":"https:\/\/sindenfermeiro.com.br\/index.php\/wp-json\/wp\/v2\/posts\/6354\/revisions"}],"predecessor-version":[{"id":29440,"href":"https:\/\/sindenfermeiro.com.br\/index.php\/wp-json\/wp\/v2\/posts\/6354\/revisions\/29440"}],"wp:featuredmedia":[{"embeddable":true,"href":"https:\/\/sindenfermeiro.com.br\/index.php\/wp-json\/"}],"wp:attachment":[{"href":"https:\/\/sindenfermeiro.com.br\/index.php\/wp-json\/wp\/v2\/media?parent=6354"}],"wp:term":[{"taxonomy":"category","embeddable":true,"href":"https:\/\/sindenfermeiro.com.br\/index.php\/wp-json\/wp\/v2\/categories?post=6354"},{"taxonomy":"post_tag","embeddable":true,"href":"https:\/\/sindenfermeiro.com.br\/index.php\/wp-json\/wp\/v2\/tags?post=6354"}],"curies":[{"name":"wp","href":"https:\/\/api.w.org\/{rel}","templated":true}]}}