{"id":626,"date":"2016-11-28T17:12:11","date_gmt":"2016-11-28T17:12:11","guid":{"rendered":"http:\/\/www.sindenfermeiro.com.br\/?p=626"},"modified":"2026-04-29T07:02:22","modified_gmt":"2026-04-29T10:02:22","slug":"fiscaliza-sindenfermeiro-constata-situacao-caotica-do-hospital-regional-de-taguatinga","status":"publish","type":"post","link":"https:\/\/sindenfermeiro.com.br\/index.php\/2016\/11\/28\/fiscaliza-sindenfermeiro-constata-situacao-caotica-do-hospital-regional-de-taguatinga\/","title":{"rendered":"Fiscaliza SindEnfermeiro constata situa\u00e7\u00e3o ca\u00f3tica do Hospital Regional de Taguatinga"},"content":{"rendered":"<p><span style=\"font-size: 14pt\"><em><strong>Apenas 6 t\u00e9cnicos e 3 enfermeiros atendiam a\u00a0134 pacientes<\/strong><\/em><\/span><\/p>\n<p style=\"text-align: justify\"><span style=\"font-size: 14pt\">Estivemos no Hospital Regional de Taguatinga (HRT) e a situa\u00e7\u00e3o encontrada \u00e9 de absoluta falta de recursos e condi\u00e7\u00f5es de trabalho para os servidores que atendem no hospital. Consequentemente, os pacientes sofrem com a falta de leitos, equipamentos e profissionais. No momento em que estivemos no hospital, havia 134 pacientes internados no pronto socorro (entre sala vermelha, amarela e verde). Apenas 6 t\u00e9cnicos e 3 enfermeiros atendiam a todos os pacientes.<\/span><\/p>\n<p style=\"text-align: justify\"><span style=\"font-size: 14pt\"><strong>Sem a estrutura m\u00ednima<\/strong><\/span><\/p>\n<p style=\"text-align: justify\"><span style=\"font-size: 14pt\">Dos 15 leitos da sala amarela, 6 est\u00e3o sem equipamentos de monitoramento (para o acompanhamento dos sinais vitais). Al\u00e9m disto o pronto-socorro, que precisa de 10 respiradores (para proporcionar respira\u00e7\u00e3o artificial), possui apenas 5 destes aparelhos (todos sem manuten\u00e7\u00e3o). A UTI possui 2 leitos em desuso por falta de pessoal e, na maternidade, dezenas de incubadoras est\u00e3o acumuladas pelos corredores, por falta de manuten\u00e7\u00e3o.<\/span><\/p>\n<div id=\"attachment_627\" style=\"width: 2570px\" class=\"wp-caption alignnone\"><img loading=\"lazy\" decoding=\"async\" aria-describedby=\"caption-attachment-627\" class=\"wp-image-627 size-full\" src=\"http:\/\/www.sindenfermeiro.com.br\/wp-content\/uploads\/2016\/11\/Incubadoras-HRT.jpg\" alt=\"Incubadoras HRT\" width=\"2560\" height=\"1536\" \/><p id=\"caption-attachment-627\" class=\"wp-caption-text\"><em>Incubadoras sem manuten\u00e7\u00e3o, nos corredores do HRT<\/em><\/p><\/div>\n<p style=\"text-align: justify\"><span style=\"font-size: 14pt\">O Fiscaliza SindEnfermeiro tamb\u00e9m constatou a falta de reagentes para a realiza\u00e7\u00e3o de exames, no laborat\u00f3rio. Estes insumos s\u00e3o imprescind\u00edveis para o diagn\u00f3stico e acompanhamento das doen\u00e7as.<\/span><\/p>\n<div id=\"attachment_634\" style=\"width: 2570px\" class=\"wp-caption alignnone\"><img loading=\"lazy\" decoding=\"async\" aria-describedby=\"caption-attachment-634\" class=\"size-full wp-image-634\" src=\"http:\/\/www.sindenfermeiro.com.br\/wp-content\/uploads\/2016\/11\/reagente-HRT.jpg\" alt=\"Lista de reagentes em faltam, no laborat\u00f3rio do hospital\" width=\"2560\" height=\"1536\" \/><p id=\"caption-attachment-634\" class=\"wp-caption-text\"><em>Lista de reagentes em faltam, no laborat\u00f3rio do hospital<\/em><\/p><\/div>\n<p><span style=\"font-size: 14pt\"><strong>Caos na sala verde<\/strong><\/span><\/p>\n<p style=\"text-align: justify\"><span style=\"font-size: 14pt\">Na sala verde do HRT, n\u00e3o h\u00e1 separa\u00e7\u00e3o de ambiente entre os 57 homens e 47 mulheres que estavam no local. Nesse contexto, presenciamos pacientes nus, trocando de roupa, protegidos apenas por panos improvisados como cortinas. Estas pessoas tamb\u00e9m se aglomeravam, na sala verde, ao mesmo tempo, esperando atendimentos de cl\u00ednica m\u00e9dica, ortopedia e cardiologia.<\/span><\/p>\n<p><span style=\"font-size: 14pt\"><strong>Exemplo em S\u00e3o Sebasti\u00e3o\u00a0<\/strong><\/span><\/p>\n<p style=\"text-align: justify\"><span style=\"font-size: 14pt\">Durante o Fiscaliza SindEnfermeiro realizado em S\u00e3o Sebasti\u00e3o (dia 11 de novembro), a chefe de enfermagem da UPA, Vanderleia Lauro Ver\u00edssimo (conhecida como L\u00e9ia), foi amplamente elogiada pela sua equipe.<\/span><\/p>\n<p style=\"text-align: justify\"><span style=\"font-size: 14pt\">Os profissionais explicam que, apesar da situa\u00e7\u00e3o prec\u00e1ria da unidade da regi\u00e3o \u2013 onde, na \u00e1rea rural, apenas 3 equipes atuam diante de desfalques (situa\u00e7\u00e3o explanada em reuni\u00e3o do Conselho de Sa\u00fade) -, L\u00e9ia sempre se destaca por conta da conduta exemplar como enfermeira.<\/span><\/p>\n<p style=\"text-align: justify\"><span style=\"font-size: 14pt\">O SindEnfermeiro parabeniza L\u00e9ia pelo prest\u00edgio conquistado, junto a sua equipe e seus pacientes, atrav\u00e9s do trabalho e da dedica\u00e7\u00e3o exemplar que a profiss\u00e3o exige.<\/span><\/p>\n<p>&nbsp;<\/p>\n<p>&nbsp;<\/p>\n","protected":false},"excerpt":{"rendered":"<p>Apenas 6 t\u00e9cnicos e 3 enfermeiros atendiam a\u00a0134 pacientes Estivemos no Hospital Regional de Taguatinga (HRT) e a situa\u00e7\u00e3o encontrada \u00e9 de absoluta falta de recursos e condi\u00e7\u00f5es de trabalho para os servidores que atendem no hospital. Consequentemente, os pacientes sofrem com a falta de leitos, equipamentos e profissionais. No momento em que estivemos no [&hellip;]<\/p>\n","protected":false},"author":6,"featured_media":627,"comment_status":"closed","ping_status":"closed","sticky":false,"template":"","format":"standard","meta":{"footnotes":""},"categories":[6,2],"tags":[],"class_list":["post-626","post","type-post","status-publish","format-standard","has-post-thumbnail","hentry","category-noticias","category-teste"],"_links":{"self":[{"href":"https:\/\/sindenfermeiro.com.br\/index.php\/wp-json\/wp\/v2\/posts\/626","targetHints":{"allow":["GET"]}}],"collection":[{"href":"https:\/\/sindenfermeiro.com.br\/index.php\/wp-json\/wp\/v2\/posts"}],"about":[{"href":"https:\/\/sindenfermeiro.com.br\/index.php\/wp-json\/wp\/v2\/types\/post"}],"author":[{"embeddable":true,"href":"https:\/\/sindenfermeiro.com.br\/index.php\/wp-json\/wp\/v2\/users\/6"}],"replies":[{"embeddable":true,"href":"https:\/\/sindenfermeiro.com.br\/index.php\/wp-json\/wp\/v2\/comments?post=626"}],"version-history":[{"count":1,"href":"https:\/\/sindenfermeiro.com.br\/index.php\/wp-json\/wp\/v2\/posts\/626\/revisions"}],"predecessor-version":[{"id":32991,"href":"https:\/\/sindenfermeiro.com.br\/index.php\/wp-json\/wp\/v2\/posts\/626\/revisions\/32991"}],"wp:featuredmedia":[{"embeddable":true,"href":"https:\/\/sindenfermeiro.com.br\/index.php\/wp-json\/"}],"wp:attachment":[{"href":"https:\/\/sindenfermeiro.com.br\/index.php\/wp-json\/wp\/v2\/media?parent=626"}],"wp:term":[{"taxonomy":"category","embeddable":true,"href":"https:\/\/sindenfermeiro.com.br\/index.php\/wp-json\/wp\/v2\/categories?post=626"},{"taxonomy":"post_tag","embeddable":true,"href":"https:\/\/sindenfermeiro.com.br\/index.php\/wp-json\/wp\/v2\/tags?post=626"}],"curies":[{"name":"wp","href":"https:\/\/api.w.org\/{rel}","templated":true}]}}