{"id":6221,"date":"2019-03-15T19:01:07","date_gmt":"2019-03-15T19:01:07","guid":{"rendered":"http:\/\/www.sindenfermeiro.com.br\/?p=6221"},"modified":"2026-04-26T17:32:32","modified_gmt":"2026-04-26T20:32:32","slug":"audiencia-publica-para-debater-as-carreiras-da-saude","status":"publish","type":"post","link":"https:\/\/sindenfermeiro.com.br\/index.php\/2019\/03\/15\/audiencia-publica-para-debater-as-carreiras-da-saude\/","title":{"rendered":"Audi\u00eancia p\u00fablica para debater as carreiras da sa\u00fade"},"content":{"rendered":"<div style=\"width: 1334px;\" class=\"wp-video\"><video class=\"wp-video-shortcode\" id=\"video-6221-1\" width=\"1334\" height=\"750\" preload=\"metadata\" controls=\"controls\"><source type=\"video\/mp4\" src=\"http:\/\/www.sindenfermeiro.com.br\/wp-content\/uploads\/2019\/03\/Audi\u00eancia-P\u00fablica1.mp4?_=1\" \/><a href=\"http:\/\/www.sindenfermeiro.com.br\/wp-content\/uploads\/2019\/03\/Audi\u00eancia-P\u00fablica1.mp4\">http:\/\/www.sindenfermeiro.com.br\/wp-content\/uploads\/2019\/03\/Audi\u00eancia-P\u00fablica1.mp4<\/a><\/video><\/div>\n<p>[Audi\u00eancia p\u00fablica para debater as carreiras da sa\u00fade] &#x1f468;&#x1f3fd;&#x200d;&#x2695;&#x1f3e5;&#x1f48a;&#x1f469;&#x1f3fd;&#x200d;&#x2695;<\/p>\n<p>O SindEnfermeiro-DF convida todos os enfermeiros a participarem da Audi\u00eancia P\u00fablica que vai debater as carreiras da sa\u00fade, entre elas a enfermagem. O evento vai acontecer, na pr\u00f3xima ter\u00e7a (19), \u00e0s 10 da manh\u00e3, no audit\u00f3rio da C\u00e2mara Legislativa do Distrito Federal (CLDF). A audi\u00eancia, promovida pelo deputado distrital Jorge Vianna, busca dimensionar a import\u00e2ncia das carreiras da sa\u00fade, al\u00e9m de debater a 3\u00aa parcela do aumento dos servidores. \u00c9 muito importante que TODOS N\u00d3S ESTEJAMOS L\u00c1!!! Vamos mostrar para o governo que a nossa categoria tamb\u00e9m precisa ter suas demandas atendidas.<br \/>\nCompare\u00e7a, sua participa\u00e7\u00e3o \u00e9 importante!<\/p>\n<p>Audi\u00eancia p\u00fablica para debater as carreiras da sa\u00fade<\/p>\n<p>&#x1f3db; Local: Audit\u00f3rio da CLDF<br \/>\n&#x1f4c6; Data: 19 de mar\u00e7o (ter\u00e7a-feira)<br \/>\n&#x23f0;Hor\u00e1rio: 10hrs<\/p>\n","protected":false},"excerpt":{"rendered":"<p>[Audi\u00eancia p\u00fablica para debater as carreiras da sa\u00fade] &#x1f468;&#x1f3fd;&#x200d;&#x2695;&#x1f3e5;&#x1f48a;&#x1f469;&#x1f3fd;&#x200d;&#x2695; O SindEnfermeiro-DF convida todos os enfermeiros a participarem da Audi\u00eancia P\u00fablica que vai debater as carreiras da sa\u00fade, entre elas a enfermagem. O evento vai acontecer, na pr\u00f3xima ter\u00e7a (19), \u00e0s 10 da manh\u00e3, no audit\u00f3rio da C\u00e2mara Legislativa do Distrito Federal (CLDF). A audi\u00eancia, promovida [&hellip;]<\/p>\n","protected":false},"author":6,"featured_media":6222,"comment_status":"closed","ping_status":"closed","sticky":false,"template":"","format":"standard","meta":{"footnotes":""},"categories":[6,5],"tags":[34,99,81,210],"class_list":["post-6221","post","type-post","status-publish","format-standard","has-post-thumbnail","hentry","category-noticias","category-rede-publica","tag-cldf","tag-enfermagem-df","tag-ses-df","tag-sindefnermeiro"],"_links":{"self":[{"href":"https:\/\/sindenfermeiro.com.br\/index.php\/wp-json\/wp\/v2\/posts\/6221","targetHints":{"allow":["GET"]}}],"collection":[{"href":"https:\/\/sindenfermeiro.com.br\/index.php\/wp-json\/wp\/v2\/posts"}],"about":[{"href":"https:\/\/sindenfermeiro.com.br\/index.php\/wp-json\/wp\/v2\/types\/post"}],"author":[{"embeddable":true,"href":"https:\/\/sindenfermeiro.com.br\/index.php\/wp-json\/wp\/v2\/users\/6"}],"replies":[{"embeddable":true,"href":"https:\/\/sindenfermeiro.com.br\/index.php\/wp-json\/wp\/v2\/comments?post=6221"}],"version-history":[{"count":1,"href":"https:\/\/sindenfermeiro.com.br\/index.php\/wp-json\/wp\/v2\/posts\/6221\/revisions"}],"predecessor-version":[{"id":18187,"href":"https:\/\/sindenfermeiro.com.br\/index.php\/wp-json\/wp\/v2\/posts\/6221\/revisions\/18187"}],"wp:featuredmedia":[{"embeddable":true,"href":"https:\/\/sindenfermeiro.com.br\/index.php\/wp-json\/"}],"wp:attachment":[{"href":"https:\/\/sindenfermeiro.com.br\/index.php\/wp-json\/wp\/v2\/media?parent=6221"}],"wp:term":[{"taxonomy":"category","embeddable":true,"href":"https:\/\/sindenfermeiro.com.br\/index.php\/wp-json\/wp\/v2\/categories?post=6221"},{"taxonomy":"post_tag","embeddable":true,"href":"https:\/\/sindenfermeiro.com.br\/index.php\/wp-json\/wp\/v2\/tags?post=6221"}],"curies":[{"name":"wp","href":"https:\/\/api.w.org\/{rel}","templated":true}]}}