{"id":6218,"date":"2019-03-18T13:43:43","date_gmt":"2019-03-18T13:43:43","guid":{"rendered":"http:\/\/www.sindenfermeiro.com.br\/?p=6218"},"modified":"2026-04-26T16:45:32","modified_gmt":"2026-04-26T19:45:32","slug":"mpt-df-ajuiza-acao-civil-publica-contra-o-hospital-sao-mateus","status":"publish","type":"post","link":"https:\/\/sindenfermeiro.com.br\/index.php\/2019\/03\/18\/mpt-df-ajuiza-acao-civil-publica-contra-o-hospital-sao-mateus\/","title":{"rendered":"MPT-DF aju\u00edza a\u00e7\u00e3o civil p\u00fablica contra o Hospital S\u00e3o Mateus"},"content":{"rendered":"<p><img loading=\"lazy\" decoding=\"async\" class=\" wp-image-6226 aligncenter\" src=\"http:\/\/www.sindenfermeiro.com.br\/wp-content\/uploads\/2019\/03\/0d242d3f-2aa6-4610-9754-e744a095c3b0-900x771.jpg\" alt=\"\" width=\"407\" height=\"348\" \/><\/p>\n<p>No in\u00edcio de mar\u00e7o de 2019 o Minist\u00e9rio P\u00fablico do Trabalho do Distrito Federal (MPT-DF) ajuizou a\u00e7\u00e3o civil p\u00fablica contra o Hospital S\u00e3o Mateus, com a inten\u00e7\u00e3o de averiguar os constantes atrasos no pagamento dos sal\u00e1rios dos enfermeiros da institui\u00e7\u00e3o. A a\u00e7\u00e3o teve como base o Inqu\u00e9rito Civil n\u00ba 000753.2017.10.000\/9, instaurado pela Procuradoria Regional do Trabalho da 10\u00aa Regi\u00e3o, a partir de den\u00fancia feita pelo Sindicato dos Enfermeiros do Distrito Federal.<\/p>\n<p>O Minist\u00e9rio P\u00fablico do Trabalho tentou solucionar a quest\u00e3o no \u00e2mbito administrativo, por\u00e9m, o hospital n\u00e3o respondeu \u00e0 tentativa, o que demonstrou o desrespeito aos direitos trabalhistas dos trabalhadores da institui\u00e7\u00e3o. A falta de resposta do Hospital S\u00e3o Mateus levou o MPT-DF a realizar o ajuizamento da a\u00e7\u00e3o civil p\u00fablica.<\/p>\n<p>Na peti\u00e7\u00e3o da a\u00e7\u00e3o, o MPT-DF afirma que: \u201co atraso reiterado de sal\u00e1rios \u00e9 pr\u00e1tica que atenta contra os direitos fundamentais dos trabalhadores, os quais, na maioria das vezes, possuem o sal\u00e1rio como sua \u00fanica fonte de sobreviv\u00eancia, sendo todas as suas necessidades b\u00e1sicas atendidas pelas parcelas que o empregador lhe paga. Por essa raz\u00e3o, \u00e9 bastante comum que o atraso no seu pagamento d\u00ea origem \u00e0 impossibilidade de satisfa\u00e7\u00e3o de suas necessidades prim\u00e1rias, afetando direitos vinculados diretamente \u00e0 sua personalidade\u201d.<\/p>\n<p>No processo, o Minist\u00e9rio P\u00fablico do Trabalho requer que o Hospital S\u00e3o Mateus efetue o pagamento dos sal\u00e1rios de todos os empregados at\u00e9 o quinto dia \u00fatil do m\u00eas subsequente ao vencido, sob pena de multa de 10 mil reais se houverem atrasos nos repasses. Outro ponto que consta na a\u00e7\u00e3o \u00e9 que a institui\u00e7\u00e3o n\u00e3o pode orientar, sugerir ou coagir,\u00a0 os trabalhadores a assinarem quaisquer documentos\/cl\u00e1usulas em branco ou com informa\u00e7\u00f5es n\u00e3o condizentes com a realidade, a exemplo de contracheques em branco ou com data retroativa, sob pena de multa de 5 mil reais por situa\u00e7\u00e3o constatada (individualmente considerada).<\/p>\n<p>Al\u00e9m disso, o MPT requereu o pagamento do valor de 750 mil reais em danos morais, a inten\u00e7\u00e3o \u00e9 reparar os preju\u00edzos coletivos j\u00e1 causados em virtude dos persistentes atrasos de sal\u00e1rios dos empregados e da coa\u00e7\u00e3o praticada. O valor ser\u00e1 atualizado monetariamente at\u00e9 o seu efetivo pagamento. A primeira audi\u00eancia acontecer\u00e1 no dia 04 de abril.<\/p>\n<p>O ajuizamento da a\u00e7\u00e3o \u00e9 uma vit\u00f3ria para a categoria de enfermeiros que trabalha no Hospital S\u00e3o Mateus. Os trabalhadores, h\u00e1 anos, buscavam uma solu\u00e7\u00e3o definitiva acerca dos reiterados atrasos salariais. O SindEnfermeiro-DF acompanhar\u00e1 de forma cont\u00ednua a a\u00e7\u00e3o e pede que enfermeiros do Hospital S\u00e3o Mateus procurem o nosso departamento jur\u00eddico para esclarecimentos e eventuais d\u00favidas.<\/p>\n","protected":false},"excerpt":{"rendered":"<p>No in\u00edcio de mar\u00e7o de 2019 o Minist\u00e9rio P\u00fablico do Trabalho do Distrito Federal (MPT-DF) ajuizou a\u00e7\u00e3o civil p\u00fablica contra o Hospital S\u00e3o Mateus, com a inten\u00e7\u00e3o de averiguar os constantes atrasos no pagamento dos sal\u00e1rios dos enfermeiros da institui\u00e7\u00e3o. A a\u00e7\u00e3o teve como base o Inqu\u00e9rito Civil n\u00ba 000753.2017.10.000\/9, instaurado pela Procuradoria Regional do [&hellip;]<\/p>\n","protected":false},"author":6,"featured_media":6226,"comment_status":"closed","ping_status":"closed","sticky":false,"template":"","format":"standard","meta":{"footnotes":""},"categories":[6,13],"tags":[7,166,135,46],"class_list":["post-6218","post","type-post","status-publish","format-standard","has-post-thumbnail","hentry","category-noticias","category-rede-privada","tag-enfermagem","tag-enfermagemdf","tag-hospital-sao-mateus","tag-rede-privada"],"_links":{"self":[{"href":"https:\/\/sindenfermeiro.com.br\/index.php\/wp-json\/wp\/v2\/posts\/6218","targetHints":{"allow":["GET"]}}],"collection":[{"href":"https:\/\/sindenfermeiro.com.br\/index.php\/wp-json\/wp\/v2\/posts"}],"about":[{"href":"https:\/\/sindenfermeiro.com.br\/index.php\/wp-json\/wp\/v2\/types\/post"}],"author":[{"embeddable":true,"href":"https:\/\/sindenfermeiro.com.br\/index.php\/wp-json\/wp\/v2\/users\/6"}],"replies":[{"embeddable":true,"href":"https:\/\/sindenfermeiro.com.br\/index.php\/wp-json\/wp\/v2\/comments?post=6218"}],"version-history":[{"count":1,"href":"https:\/\/sindenfermeiro.com.br\/index.php\/wp-json\/wp\/v2\/posts\/6218\/revisions"}],"predecessor-version":[{"id":18190,"href":"https:\/\/sindenfermeiro.com.br\/index.php\/wp-json\/wp\/v2\/posts\/6218\/revisions\/18190"}],"wp:featuredmedia":[{"embeddable":true,"href":"https:\/\/sindenfermeiro.com.br\/index.php\/wp-json\/"}],"wp:attachment":[{"href":"https:\/\/sindenfermeiro.com.br\/index.php\/wp-json\/wp\/v2\/media?parent=6218"}],"wp:term":[{"taxonomy":"category","embeddable":true,"href":"https:\/\/sindenfermeiro.com.br\/index.php\/wp-json\/wp\/v2\/categories?post=6218"},{"taxonomy":"post_tag","embeddable":true,"href":"https:\/\/sindenfermeiro.com.br\/index.php\/wp-json\/wp\/v2\/tags?post=6218"}],"curies":[{"name":"wp","href":"https:\/\/api.w.org\/{rel}","templated":true}]}}