{"id":6052,"date":"2019-03-14T18:24:07","date_gmt":"2019-03-14T18:24:07","guid":{"rendered":"http:\/\/www.sindenfermeiro.com.br\/?p=6052"},"modified":"2026-04-26T15:28:03","modified_gmt":"2026-04-26T18:28:03","slug":"presidente-do-sindenfermeiro-participa-do-forum-municipal-da-conferencia-em-saude-de-planaltina-de-goias","status":"publish","type":"post","link":"https:\/\/sindenfermeiro.com.br\/index.php\/2019\/03\/14\/presidente-do-sindenfermeiro-participa-do-forum-municipal-da-conferencia-em-saude-de-planaltina-de-goias\/","title":{"rendered":"Presidente do SindEnfermeiro participa do F\u00f3rum Municipal da Confer\u00eancia em Sa\u00fade de Planaltina de Goi\u00e1s"},"content":{"rendered":"<p><span class=\"_5mfr\"><span class=\"_6qdm\">\u00a0<\/span><\/span><\/p>\n<style type=\"text\/css\">\n#foogallery-gallery-6208 .fg-image { width: 640px; }<\/style>\n\t\t\t<div class=\"foogallery foogallery-container foogallery-image-viewer foogallery-link-image foogallery-lightbox-none fg-center fg-image-viewer fg-ready fg-light fg-border-thin fg-shadow-outline fg-loading-default fg-loaded-fade-in fg-caption-hover fg-hover-fade fg-hover-zoom\" id=\"foogallery-gallery-6208\" data-foogallery=\"{&quot;item&quot;:{&quot;showCaptionTitle&quot;:true,&quot;showCaptionDescription&quot;:true},&quot;lazy&quot;:true,&quot;template&quot;:{&quot;loop&quot;:true}}\" style=\"--fg-title-line-clamp: 0; --fg-description-line-clamp: 0;\" >\n\t<div class=\"fiv-inner\">\n\t\t<div class=\"fiv-inner-container\">\n\t\t\t\t\t<\/div>\n\t\t<div class=\"fiv-ctrls\">\n\t\t\t<button type=\"button\" class=\"fiv-prev\" title=\"Prev\"><span>Prev<\/span><\/button>\n\t\t\t<label class=\"fiv-count\"><span class=\"fiv-count-current\">1<\/span>of<span class=\"fiv-count-total\">152<\/span><\/label>\n\t\t\t<button type=\"button\" class=\"fiv-next\" title=\"Next\"><span>Next<\/span><\/button>\n\t\t<\/div>\n\t<\/div>\n<\/div>\n<p>Na manh\u00e3 da \u00faltima quarta (13), Dayse Amar\u00edlio, presidente do SindEnfermeiro-DF, foi convidada para participar da 16\u00aa etapa municipal da confer\u00eancia nacional de sa\u00fade em Planaltina de Goi\u00e1s. Durante o evento, Dayse conversou com mais de 300 pessoas sobre &#8220;sa\u00fade como direito&#8221;, onde ressaltou que para alcan\u00e7armos sa\u00fade precisamos alcan\u00e7ar um processo democr\u00e1tico continuo.<\/p>\n<p>Outro ponto da palestra de Dayse foi a import\u00e2ncia dos trabalhadores de sa\u00fade em suas bases, e chamou a aten\u00e7\u00e3o para dos gestores, para que eles d\u00eaem melhores condi\u00e7\u00f5es de trabalho para que os profissionais prestarem uma assist\u00eancia mais digna e ainda ressaltou o papel social que toda a sociedade tem para que os princ\u00edpios do Sistema \u00danico de Sa\u00fade sejam resgatados.<\/p>\n<p>No final de sua fala, Dayse Amar\u00edlio, reiterou o papel da sociedade e dos movimentos que defendem os trabalhadores na luta pelo fortalecimento do SUS.<\/p>\n","protected":false},"excerpt":{"rendered":"<p>\u00a0 Na manh\u00e3 da \u00faltima quarta (13), Dayse Amar\u00edlio, presidente do SindEnfermeiro-DF, foi convidada para participar da 16\u00aa etapa municipal da confer\u00eancia nacional de sa\u00fade em Planaltina de Goi\u00e1s. Durante o evento, Dayse conversou com mais de 300 pessoas sobre &#8220;sa\u00fade como direito&#8221;, onde ressaltou que para alcan\u00e7armos sa\u00fade precisamos alcan\u00e7ar um processo democr\u00e1tico continuo. [&hellip;]<\/p>\n","protected":false},"author":6,"featured_media":6086,"comment_status":"closed","ping_status":"closed","sticky":false,"template":"","format":"standard","meta":{"footnotes":""},"categories":[6,13,5],"tags":[],"class_list":["post-6052","post","type-post","status-publish","format-standard","has-post-thumbnail","hentry","category-noticias","category-rede-privada","category-rede-publica"],"_links":{"self":[{"href":"https:\/\/sindenfermeiro.com.br\/index.php\/wp-json\/wp\/v2\/posts\/6052","targetHints":{"allow":["GET"]}}],"collection":[{"href":"https:\/\/sindenfermeiro.com.br\/index.php\/wp-json\/wp\/v2\/posts"}],"about":[{"href":"https:\/\/sindenfermeiro.com.br\/index.php\/wp-json\/wp\/v2\/types\/post"}],"author":[{"embeddable":true,"href":"https:\/\/sindenfermeiro.com.br\/index.php\/wp-json\/wp\/v2\/users\/6"}],"replies":[{"embeddable":true,"href":"https:\/\/sindenfermeiro.com.br\/index.php\/wp-json\/wp\/v2\/comments?post=6052"}],"version-history":[{"count":1,"href":"https:\/\/sindenfermeiro.com.br\/index.php\/wp-json\/wp\/v2\/posts\/6052\/revisions"}],"predecessor-version":[{"id":36854,"href":"https:\/\/sindenfermeiro.com.br\/index.php\/wp-json\/wp\/v2\/posts\/6052\/revisions\/36854"}],"wp:featuredmedia":[{"embeddable":true,"href":"https:\/\/sindenfermeiro.com.br\/index.php\/wp-json\/"}],"wp:attachment":[{"href":"https:\/\/sindenfermeiro.com.br\/index.php\/wp-json\/wp\/v2\/media?parent=6052"}],"wp:term":[{"taxonomy":"category","embeddable":true,"href":"https:\/\/sindenfermeiro.com.br\/index.php\/wp-json\/wp\/v2\/categories?post=6052"},{"taxonomy":"post_tag","embeddable":true,"href":"https:\/\/sindenfermeiro.com.br\/index.php\/wp-json\/wp\/v2\/tags?post=6052"}],"curies":[{"name":"wp","href":"https:\/\/api.w.org\/{rel}","templated":true}]}}