{"id":6016,"date":"2019-03-14T18:11:46","date_gmt":"2019-03-14T18:11:46","guid":{"rendered":"http:\/\/www.sindenfermeiro.com.br\/?p=6016"},"modified":"2026-04-26T15:21:52","modified_gmt":"2026-04-26T18:21:52","slug":"ato-do-dia-internacional-da-mulher","status":"publish","type":"post","link":"https:\/\/sindenfermeiro.com.br\/index.php\/2019\/03\/14\/ato-do-dia-internacional-da-mulher\/","title":{"rendered":"Ato do Dia Internacional da Mulher\u00a0"},"content":{"rendered":"<p>&nbsp;<\/p>\n<p>&nbsp;<\/p>\n<style type=\"text\/css\">\n#foogallery-gallery-6050 .fg-image { width: 640px; }<\/style>\n\t\t\t<div class=\"foogallery foogallery-container foogallery-image-viewer foogallery-link-image foogallery-lightbox-none fg-center fg-image-viewer fg-ready fg-light fg-border-thin fg-shadow-outline fg-loading-default fg-loaded-fade-in fg-caption-hover fg-hover-fade fg-hover-zoom\" id=\"foogallery-gallery-6050\" data-foogallery=\"{&quot;item&quot;:{&quot;showCaptionTitle&quot;:true,&quot;showCaptionDescription&quot;:true},&quot;lazy&quot;:true,&quot;template&quot;:{&quot;loop&quot;:true}}\" style=\"--fg-title-line-clamp: 0; --fg-description-line-clamp: 0;\" >\n\t<div class=\"fiv-inner\">\n\t\t<div class=\"fiv-inner-container\">\n\t\t\t\t\t<\/div>\n\t\t<div class=\"fiv-ctrls\">\n\t\t\t<button type=\"button\" class=\"fiv-prev\" title=\"Prev\"><span>Prev<\/span><\/button>\n\t\t\t<label class=\"fiv-count\"><span class=\"fiv-count-current\">1<\/span>of<span class=\"fiv-count-total\">35<\/span><\/label>\n\t\t\t<button type=\"button\" class=\"fiv-next\" title=\"Next\"><span>Next<\/span><\/button>\n\t\t<\/div>\n\t<\/div>\n<\/div>\n<p>No \u00faltimo dia 08 de mar\u00e7o, o SindEnfermeiro , o Centro Acad\u00eamico de Enfermagem da ESCS e o Comit\u00ea Estudantil da ABEn participaram do cortejo que celebrou a luta das mulheres do DF e Entorno, em comemora\u00e7\u00e3o ao Dia Internacional da Mulher. Na ala contra a Reforma da Previd\u00eancia, as entidades mostraram uma reflex\u00e3o sobre o impacto negativo da proposta do governo Bolsonaro, especialmente sobre as mulheres.<\/p>\n<p>&nbsp;<\/p>\n","protected":false},"excerpt":{"rendered":"<p>&nbsp; &nbsp; No \u00faltimo dia 08 de mar\u00e7o, o SindEnfermeiro , o Centro Acad\u00eamico de Enfermagem da ESCS e o Comit\u00ea Estudantil da ABEn participaram do cortejo que celebrou a luta das mulheres do DF e Entorno, em comemora\u00e7\u00e3o ao Dia Internacional da Mulher. Na ala contra a Reforma da Previd\u00eancia, as entidades mostraram uma [&hellip;]<\/p>\n","protected":false},"author":6,"featured_media":6022,"comment_status":"closed","ping_status":"closed","sticky":false,"template":"","format":"standard","meta":{"footnotes":""},"categories":[6,13,5],"tags":[208,201,7,209,43,56],"class_list":["post-6016","post","type-post","status-publish","format-standard","has-post-thumbnail","hentry","category-noticias","category-rede-privada","category-rede-publica","tag-8m","tag-dia-internacional-da-mulher","tag-enfermagem","tag-enfermeiras","tag-saude","tag-sindicato"],"_links":{"self":[{"href":"https:\/\/sindenfermeiro.com.br\/index.php\/wp-json\/wp\/v2\/posts\/6016","targetHints":{"allow":["GET"]}}],"collection":[{"href":"https:\/\/sindenfermeiro.com.br\/index.php\/wp-json\/wp\/v2\/posts"}],"about":[{"href":"https:\/\/sindenfermeiro.com.br\/index.php\/wp-json\/wp\/v2\/types\/post"}],"author":[{"embeddable":true,"href":"https:\/\/sindenfermeiro.com.br\/index.php\/wp-json\/wp\/v2\/users\/6"}],"replies":[{"embeddable":true,"href":"https:\/\/sindenfermeiro.com.br\/index.php\/wp-json\/wp\/v2\/comments?post=6016"}],"version-history":[{"count":1,"href":"https:\/\/sindenfermeiro.com.br\/index.php\/wp-json\/wp\/v2\/posts\/6016\/revisions"}],"predecessor-version":[{"id":37153,"href":"https:\/\/sindenfermeiro.com.br\/index.php\/wp-json\/wp\/v2\/posts\/6016\/revisions\/37153"}],"wp:featuredmedia":[{"embeddable":true,"href":"https:\/\/sindenfermeiro.com.br\/index.php\/wp-json\/"}],"wp:attachment":[{"href":"https:\/\/sindenfermeiro.com.br\/index.php\/wp-json\/wp\/v2\/media?parent=6016"}],"wp:term":[{"taxonomy":"category","embeddable":true,"href":"https:\/\/sindenfermeiro.com.br\/index.php\/wp-json\/wp\/v2\/categories?post=6016"},{"taxonomy":"post_tag","embeddable":true,"href":"https:\/\/sindenfermeiro.com.br\/index.php\/wp-json\/wp\/v2\/tags?post=6016"}],"curies":[{"name":"wp","href":"https:\/\/api.w.org\/{rel}","templated":true}]}}