{"id":6010,"date":"2019-03-12T18:34:19","date_gmt":"2019-03-12T18:34:19","guid":{"rendered":"http:\/\/www.sindenfermeiro.com.br\/?p=6010"},"modified":"2026-04-26T17:29:34","modified_gmt":"2026-04-26T20:29:34","slug":"licenca-premio-e-tpd","status":"publish","type":"post","link":"https:\/\/sindenfermeiro.com.br\/index.php\/2019\/03\/12\/licenca-premio-e-tpd\/","title":{"rendered":"Licen\u00e7a pr\u00eamio e TPD"},"content":{"rendered":"<p style=\"font-weight: 400\">\n<p style=\"font-weight: 400\">No final de fevereiro, os servidores aposentados, pensionistas e exonerados da Secretaria de Sa\u00fade do Distrito Federal entre os anos de 2002 e 2010 \u2013 e que tinham licen\u00e7as-pr\u00eamio n\u00e3o usufru\u00eddas, receberam os valores a que tinham direito. Tais d\u00e9bitos estavam classificados como \u201cexerc\u00edcios anteriores\u201d, e tiveram seus pagamentos realizados por via administrativa.<\/p>\n<p style=\"font-weight: 400\">Al\u00e9m disso, a SES-DF tamb\u00e9m pagou os valores referentes ao Trabalho por Tempo Determinado (TPD), relativos ao m\u00eas de outubro de 2018.<\/p>\n<p style=\"font-weight: 400\">No entanto, \u00e9 importante estar atento com poss\u00edveis atualiza\u00e7\u00f5es n\u00e3o contabilizadas e, caso haja processo judicial em andamento cobrando a licen\u00e7a quitada, \u00e9 poss\u00edvel questionar sobre poss\u00edveis corre\u00e7\u00f5es monet\u00e1rias. No caso de outros valores classificados como exerc\u00edcios anteriores, ainda h\u00e1 a possibilidade de cobran\u00e7a por via judicial.<\/p>\n<p style=\"font-weight: 400\">Os enfermeiros que se enquadrem nas situa\u00e7\u00f5es mencionadas acima devem verificar a realiza\u00e7\u00e3o do pagamento. Em caso de n\u00e3o recebimento dos valores, o departamento jur\u00eddico do sindicato estar\u00e1 dispon\u00edvel para orienta\u00e7\u00e3o, atrav\u00e9s do telefone (61) 3447-9697.<\/p>\n","protected":false},"excerpt":{"rendered":"<p>No final de fevereiro, os servidores aposentados, pensionistas e exonerados da Secretaria de Sa\u00fade do Distrito Federal entre os anos de 2002 e 2010 \u2013 e que tinham licen\u00e7as-pr\u00eamio n\u00e3o usufru\u00eddas, receberam os valores a que tinham direito. Tais d\u00e9bitos estavam classificados como \u201cexerc\u00edcios anteriores\u201d, e tiveram seus pagamentos realizados por via administrativa. Al\u00e9m disso, [&hellip;]<\/p>\n","protected":false},"author":6,"featured_media":6011,"comment_status":"closed","ping_status":"closed","sticky":false,"template":"","format":"standard","meta":{"footnotes":""},"categories":[6,5],"tags":[7,99,207,47,21,79],"class_list":["post-6010","post","type-post","status-publish","format-standard","has-post-thumbnail","hentry","category-noticias","category-rede-publica","tag-enfermagem","tag-enfermagem-df","tag-enfermgaem","tag-rede-publica","tag-sindenfermeiro","tag-tpd"],"_links":{"self":[{"href":"https:\/\/sindenfermeiro.com.br\/index.php\/wp-json\/wp\/v2\/posts\/6010","targetHints":{"allow":["GET"]}}],"collection":[{"href":"https:\/\/sindenfermeiro.com.br\/index.php\/wp-json\/wp\/v2\/posts"}],"about":[{"href":"https:\/\/sindenfermeiro.com.br\/index.php\/wp-json\/wp\/v2\/types\/post"}],"author":[{"embeddable":true,"href":"https:\/\/sindenfermeiro.com.br\/index.php\/wp-json\/wp\/v2\/users\/6"}],"replies":[{"embeddable":true,"href":"https:\/\/sindenfermeiro.com.br\/index.php\/wp-json\/wp\/v2\/comments?post=6010"}],"version-history":[{"count":1,"href":"https:\/\/sindenfermeiro.com.br\/index.php\/wp-json\/wp\/v2\/posts\/6010\/revisions"}],"predecessor-version":[{"id":20982,"href":"https:\/\/sindenfermeiro.com.br\/index.php\/wp-json\/wp\/v2\/posts\/6010\/revisions\/20982"}],"wp:featuredmedia":[{"embeddable":true,"href":"https:\/\/sindenfermeiro.com.br\/index.php\/wp-json\/"}],"wp:attachment":[{"href":"https:\/\/sindenfermeiro.com.br\/index.php\/wp-json\/wp\/v2\/media?parent=6010"}],"wp:term":[{"taxonomy":"category","embeddable":true,"href":"https:\/\/sindenfermeiro.com.br\/index.php\/wp-json\/wp\/v2\/categories?post=6010"},{"taxonomy":"post_tag","embeddable":true,"href":"https:\/\/sindenfermeiro.com.br\/index.php\/wp-json\/wp\/v2\/tags?post=6010"}],"curies":[{"name":"wp","href":"https:\/\/api.w.org\/{rel}","templated":true}]}}