{"id":5977,"date":"2019-03-12T16:18:45","date_gmt":"2019-03-12T16:18:45","guid":{"rendered":"http:\/\/www.sindenfermeiro.com.br\/?p=5977"},"modified":"2026-04-26T17:31:18","modified_gmt":"2026-04-26T20:31:18","slug":"sessao-solene-marca-os-52-anos-do-hrg","status":"publish","type":"post","link":"https:\/\/sindenfermeiro.com.br\/index.php\/2019\/03\/12\/sessao-solene-marca-os-52-anos-do-hrg\/","title":{"rendered":"Sess\u00e3o solene marca os 52 anos do HRG"},"content":{"rendered":"<style type=\"text\/css\">\n#foogallery-gallery-5983 .fg-image { width: 640px; }<\/style>\n\t\t\t<div class=\"foogallery foogallery-container foogallery-image-viewer foogallery-link-image foogallery-lightbox-none fg-center fg-image-viewer fg-ready fg-light fg-border-thin fg-shadow-outline fg-loading-default fg-loaded-fade-in fg-caption-hover fg-hover-fade fg-hover-zoom\" id=\"foogallery-gallery-5983\" data-foogallery=\"{&quot;item&quot;:{&quot;showCaptionTitle&quot;:true,&quot;showCaptionDescription&quot;:true},&quot;lazy&quot;:true,&quot;template&quot;:{&quot;loop&quot;:true}}\" style=\"--fg-title-line-clamp: 0; --fg-description-line-clamp: 0;\" >\n\t<div class=\"fiv-inner\">\n\t\t<div class=\"fiv-inner-container\">\n\t\t\t\t\t<\/div>\n\t\t<div class=\"fiv-ctrls\">\n\t\t\t<button type=\"button\" class=\"fiv-prev\" title=\"Prev\"><span>Prev<\/span><\/button>\n\t\t\t<label class=\"fiv-count\"><span class=\"fiv-count-current\">1<\/span>of<span class=\"fiv-count-total\">23<\/span><\/label>\n\t\t\t<button type=\"button\" class=\"fiv-next\" title=\"Next\"><span>Next<\/span><\/button>\n\t\t<\/div>\n\t<\/div>\n<\/div>\n<p><strong>\u00a0<\/strong>Na manh\u00e3 da \u00faltima segunda-feira (11), o estacionamento do Hospital Regional do Gama (HRG), sediou a Sess\u00e3o Solene em comemora\u00e7\u00e3o aos 52 anos da institui\u00e7\u00e3o. De iniciativa do deputado distrital, Jorge Vianna (Podemos), o evento contou com a participa\u00e7\u00e3o da presidente do SindEnfermeiro, Dayse Amar\u00edlio e do diretor Adriano Lim\u00edrio.<\/p>\n<p>Tamb\u00e9m participaram do evento a administradora de Gama, Juliana Navarro, o diretor do HRG, Andr\u00e9 Luiz Zamuner, a superintendente de sa\u00fade da regi\u00e3o sul, Elayne Rangel Marinho, representantes da Secretaria de Sa\u00fade, do Conselho de Sa\u00fade do Gama e de outros sindicatos da sa\u00fade.<\/p>\n<p>Durante a cerim\u00f4nia, a presidente do SindEnfermeiro ressaltou a import\u00e2ncia dos servidores na constru\u00e7\u00e3o da hist\u00f3ria do HRG. \u201cInstitui\u00e7\u00f5es s\u00e3o pessoas. S\u00e3o os servidores que fizeram a diferen\u00e7a e constru\u00edram a hist\u00f3ria desse hospital. Os parab\u00e9ns \u00e9 para voc\u00eas servidores! E n\u00f3s temos certeza de que se voc\u00eas tiverem melhores condi\u00e7\u00f5es de trabalho, com certeza ir\u00e3o desempenhar um atendimento ainda melhor\u201d, completou Dayse Amar\u00edlio.<\/p>\n","protected":false},"excerpt":{"rendered":"<p>\u00a0Na manh\u00e3 da \u00faltima segunda-feira (11), o estacionamento do Hospital Regional do Gama (HRG), sediou a Sess\u00e3o Solene em comemora\u00e7\u00e3o aos 52 anos da institui\u00e7\u00e3o. De iniciativa do deputado distrital, Jorge Vianna (Podemos), o evento contou com a participa\u00e7\u00e3o da presidente do SindEnfermeiro, Dayse Amar\u00edlio e do diretor Adriano Lim\u00edrio. Tamb\u00e9m participaram do evento a [&hellip;]<\/p>\n","protected":false},"author":6,"featured_media":6008,"comment_status":"closed","ping_status":"closed","sticky":false,"template":"","format":"standard","meta":{"footnotes":""},"categories":[6,5],"tags":[],"class_list":["post-5977","post","type-post","status-publish","format-standard","has-post-thumbnail","hentry","category-noticias","category-rede-publica"],"_links":{"self":[{"href":"https:\/\/sindenfermeiro.com.br\/index.php\/wp-json\/wp\/v2\/posts\/5977","targetHints":{"allow":["GET"]}}],"collection":[{"href":"https:\/\/sindenfermeiro.com.br\/index.php\/wp-json\/wp\/v2\/posts"}],"about":[{"href":"https:\/\/sindenfermeiro.com.br\/index.php\/wp-json\/wp\/v2\/types\/post"}],"author":[{"embeddable":true,"href":"https:\/\/sindenfermeiro.com.br\/index.php\/wp-json\/wp\/v2\/users\/6"}],"replies":[{"embeddable":true,"href":"https:\/\/sindenfermeiro.com.br\/index.php\/wp-json\/wp\/v2\/comments?post=5977"}],"version-history":[{"count":1,"href":"https:\/\/sindenfermeiro.com.br\/index.php\/wp-json\/wp\/v2\/posts\/5977\/revisions"}],"predecessor-version":[{"id":29408,"href":"https:\/\/sindenfermeiro.com.br\/index.php\/wp-json\/wp\/v2\/posts\/5977\/revisions\/29408"}],"wp:featuredmedia":[{"embeddable":true,"href":"https:\/\/sindenfermeiro.com.br\/index.php\/wp-json\/"}],"wp:attachment":[{"href":"https:\/\/sindenfermeiro.com.br\/index.php\/wp-json\/wp\/v2\/media?parent=5977"}],"wp:term":[{"taxonomy":"category","embeddable":true,"href":"https:\/\/sindenfermeiro.com.br\/index.php\/wp-json\/wp\/v2\/categories?post=5977"},{"taxonomy":"post_tag","embeddable":true,"href":"https:\/\/sindenfermeiro.com.br\/index.php\/wp-json\/wp\/v2\/tags?post=5977"}],"curies":[{"name":"wp","href":"https:\/\/api.w.org\/{rel}","templated":true}]}}