{"id":5962,"date":"2019-03-08T14:55:19","date_gmt":"2019-03-08T14:55:19","guid":{"rendered":"http:\/\/www.sindenfermeiro.com.br\/?p=5962"},"modified":"2026-04-26T15:21:32","modified_gmt":"2026-04-26T18:21:32","slug":"dia-internacional-da-mulher","status":"publish","type":"post","link":"https:\/\/sindenfermeiro.com.br\/index.php\/2019\/03\/08\/dia-internacional-da-mulher\/","title":{"rendered":"Dia Internacional da Mulher\u00a0"},"content":{"rendered":"<p><span id=\"fbPhotoSnowliftCaption\" class=\"fbPhotosPhotoCaption\" data-ft=\"{&quot;tn&quot;:&quot;K&quot;}\"><span class=\"hasCaption\"><span class=\"_5mfr\"><span class=\"_6qdm\"><img loading=\"lazy\" decoding=\"async\" class=\"wp-image-5959 aligncenter\" src=\"http:\/\/www.sindenfermeiro.com.br\/wp-content\/uploads\/2019\/03\/DIA-INTERNACIONAL-DA-MULHER-900x601.jpg\" alt=\"\" width=\"494\" height=\"330\" \/>&#x2728;<\/span><\/span><\/p>\n<p>Nesse dia das mulheres o maior e melhor presente que elas podem receber \u00e9 a liberdade de escolha, \u00e9 n\u00e3o se preocupar em sair sozinhas de casa, \u00e9 n\u00e3o ser assediadas, \u00e9 poder ser donas de si. O SindEnfermeiro parabeniza e deseja for\u00e7a para todas as mulheres, sejam elas enfermeiras, m\u00e3es, filhas, solteiras, casadas, jovens, idosas, profissionais da sa\u00fade ou n\u00e3o!<\/span><\/span><\/p>\n","protected":false},"excerpt":{"rendered":"<p>&#x2728; Nesse dia das mulheres o maior e melhor presente que elas podem receber \u00e9 a liberdade de escolha, \u00e9 n\u00e3o se preocupar em sair sozinhas de casa, \u00e9 n\u00e3o ser assediadas, \u00e9 poder ser donas de si. O SindEnfermeiro parabeniza e deseja for\u00e7a para todas as mulheres, sejam elas enfermeiras, m\u00e3es, filhas, solteiras, casadas, [&hellip;]<\/p>\n","protected":false},"author":6,"featured_media":5959,"comment_status":"closed","ping_status":"closed","sticky":false,"template":"","format":"standard","meta":{"footnotes":""},"categories":[6,13,5],"tags":[201,7,21],"class_list":["post-5962","post","type-post","status-publish","format-standard","has-post-thumbnail","hentry","category-noticias","category-rede-privada","category-rede-publica","tag-dia-internacional-da-mulher","tag-enfermagem","tag-sindenfermeiro"],"_links":{"self":[{"href":"https:\/\/sindenfermeiro.com.br\/index.php\/wp-json\/wp\/v2\/posts\/5962","targetHints":{"allow":["GET"]}}],"collection":[{"href":"https:\/\/sindenfermeiro.com.br\/index.php\/wp-json\/wp\/v2\/posts"}],"about":[{"href":"https:\/\/sindenfermeiro.com.br\/index.php\/wp-json\/wp\/v2\/types\/post"}],"author":[{"embeddable":true,"href":"https:\/\/sindenfermeiro.com.br\/index.php\/wp-json\/wp\/v2\/users\/6"}],"replies":[{"embeddable":true,"href":"https:\/\/sindenfermeiro.com.br\/index.php\/wp-json\/wp\/v2\/comments?post=5962"}],"version-history":[{"count":1,"href":"https:\/\/sindenfermeiro.com.br\/index.php\/wp-json\/wp\/v2\/posts\/5962\/revisions"}],"predecessor-version":[{"id":36973,"href":"https:\/\/sindenfermeiro.com.br\/index.php\/wp-json\/wp\/v2\/posts\/5962\/revisions\/36973"}],"wp:featuredmedia":[{"embeddable":true,"href":"https:\/\/sindenfermeiro.com.br\/index.php\/wp-json\/"}],"wp:attachment":[{"href":"https:\/\/sindenfermeiro.com.br\/index.php\/wp-json\/wp\/v2\/media?parent=5962"}],"wp:term":[{"taxonomy":"category","embeddable":true,"href":"https:\/\/sindenfermeiro.com.br\/index.php\/wp-json\/wp\/v2\/categories?post=5962"},{"taxonomy":"post_tag","embeddable":true,"href":"https:\/\/sindenfermeiro.com.br\/index.php\/wp-json\/wp\/v2\/tags?post=5962"}],"curies":[{"name":"wp","href":"https:\/\/api.w.org\/{rel}","templated":true}]}}