{"id":596,"date":"2016-11-24T21:36:32","date_gmt":"2016-11-24T21:36:32","guid":{"rendered":"http:\/\/www.sindenfermeiro.com.br\/?p=596"},"modified":"2026-04-29T06:59:02","modified_gmt":"2026-04-29T09:59:02","slug":"sindenfermeiro-participa-de-reuniao-com-secretarios-de-governo","status":"publish","type":"post","link":"https:\/\/sindenfermeiro.com.br\/index.php\/2016\/11\/24\/sindenfermeiro-participa-de-reuniao-com-secretarios-de-governo\/","title":{"rendered":"SindEnfermeiro participa de reuni\u00e3o com secret\u00e1rios de governo"},"content":{"rendered":"<p style=\"text-align: justify\"><span style=\"font-size: 14pt\"><strong><em>S\u00e9rgio Sampaio, da Casa Civil, d\u00e1 prazo de 24h para decis\u00e3o sobre corte de ponto das categorias que fizeram paralisa\u00e7\u00e3o<\/em><\/strong><\/span><\/p>\n<p style=\"text-align: justify\"><span style=\"font-size: 14pt\">O SindEnfermeiro participou, hoje (24), de reuni\u00e3o entre representantes sindicais do setor da sa\u00fade e os secret\u00e1rios de sa\u00fade e da Casa Civil, Humberto Fonseca e S\u00e9rgio Sampaio, respectivamente. Esta foi a primeira reuni\u00e3o conjunta entre as partes desde o in\u00edcio da gest\u00e3o Rollemberg.<\/span><\/p>\n<p style=\"text-align: justify\"><span style=\"font-size: 14pt\">No encontro, o secret\u00e1rio da Casa Civil garantiu que, at\u00e9 amanh\u00e3 (sexta, 25) dar\u00e1 uma resposta aos servidores, em rela\u00e7\u00e3o ao desconto ou n\u00e3o do ponto, na folha de pagamento, em virtude das paralisa\u00e7\u00f5es realizadas nos dias 7, 17, 26 de outubro e 10 de novembro.<\/span><\/p>\n<p><img loading=\"lazy\" decoding=\"async\" class=\"alignnone size-full wp-image-604\" src=\"http:\/\/www.sindenfermeiro.com.br\/wp-content\/uploads\/2016\/11\/WhatsApp-Image-2016-11-24-at-20.24.14.jpeg\" alt=\"WhatsApp Image 2016-11-24 at 20.24.14\" width=\"1280\" height=\"960\" \/><\/p>\n<p style=\"text-align: justify\"><span style=\"font-size: 14pt\">O SindEnfermeiro refor\u00e7a que procedeu de acordo com todos os crit\u00e9rios necess\u00e1rios para que a paralisa\u00e7\u00e3o estivesse amparada legalmente. Al\u00e9m disto, a Secretaria de Gest\u00e3o de Pessoas (SES) encaminhou Circular (059\/2016), reconhecendo a possibilidade de pagamento das horas de paralisa\u00e7\u00e3o atrav\u00e9s de compensa\u00e7\u00e3o posterior. A representa\u00e7\u00e3o sindical dos enfermeiros do DF encaminhou of\u00edcio para a Secretaria de Sa\u00fade esclarecendo este e outros pontos (veja nas fotos).<\/span><\/p>\n<p><img loading=\"lazy\" decoding=\"async\" class=\"alignnone size-full wp-image-597\" src=\"http:\/\/www.sindenfermeiro.com.br\/wp-content\/uploads\/2016\/11\/20161124_192330.jpg\" alt=\"20161124_192330\" width=\"2560\" height=\"1536\" \/> <img loading=\"lazy\" decoding=\"async\" class=\"alignnone size-full wp-image-598\" src=\"http:\/\/www.sindenfermeiro.com.br\/wp-content\/uploads\/2016\/11\/20161124_192347.jpg\" alt=\"20161124_192347\" width=\"2560\" height=\"1536\" \/><\/p>\n<p style=\"text-align: justify\"><span style=\"font-size: 14pt\"><strong>Portaria 231<\/strong><\/span><\/p>\n<p style=\"text-align: justify\"><span style=\"font-size: 14pt\">Durante a reuni\u00e3o, as categorias solicitaram a revoga\u00e7\u00e3o da Portaria 231, que determina o cumprimento de carga hor\u00e1ria dos servidores da assist\u00eancia prim\u00e1ria, nas UPAs e nos hospitais. Tamb\u00e9m h\u00e1 queixas em rela\u00e7\u00e3o a falta de treinamento adequado nessa transi\u00e7\u00e3o, al\u00e9m de ressalvas a respeito da aus\u00eancia de comunica\u00e7\u00e3o exercida pelo Governo, na publica\u00e7\u00e3o da portaria.<\/span><\/p>\n<p style=\"text-align: justify\"><span style=\"font-size: 14pt\">O secret\u00e1rio de sa\u00fade, Humberto Fonseca, garantiu esclarecer e discutir a poss\u00edvel revoga\u00e7\u00e3o da PEC 231, em reuni\u00e3o j\u00e1 agendada para a pr\u00f3xima quinta-feira (1).<\/span><\/p>\n<p style=\"text-align: justify\"><span style=\"font-size: 14pt\"><strong>Confira outras reivindica\u00e7\u00f5es e posicionamentos (enviados em of\u00edcio \u00e0 Secretaria de Sa\u00fade) do SindEnfermeiro, diante da reuni\u00e3o com os secret\u00e1rios de Governo:<\/strong><strong>\u00a0<\/strong><\/span><\/p>\n<ul>\n<li style=\"text-align: justify\"><span style=\"font-size: 14pt\"><strong>Isonomia com a categoria dos odont\u00f3logos, corrigindo a injusti\u00e7a e a disparidade entre as categorias, que acontece desde 2013, quando enfermeiros ficaram com a defasagem de 38% e 50% em rela\u00e7\u00e3o aos odont\u00f3logos e m\u00e9dicos, respectivamente<\/strong><\/span><\/li>\n<li style=\"text-align: justify\"><span style=\"font-size: 14pt\"><strong>Pagamento dos reajustes concedidos aos enfermeiros, servidores do Distrito Federal, previsto na Lei Distrital 5.428\/2013, desde setembro de 2015<\/strong><\/span><\/li>\n<li style=\"text-align: justify\"><span style=\"font-size: 14pt\"><strong>Pagamento das horas-extras e pec\u00fanias atrasadas<\/strong><\/span><\/li>\n<li style=\"text-align: justify\"><span style=\"font-size: 14pt\"><strong>Nos posicionamos contra a privatiza\u00e7\u00e3o da sa\u00fade, atrav\u00e9s das Organiza\u00e7\u00f5es Sociais e da terceiriza\u00e7\u00e3o dos servi\u00e7os<\/strong><\/span><\/li>\n<li style=\"text-align: justify\"><span style=\"font-size: 14pt\"><strong>Garantia do pagamento da licen\u00e7a pr\u00eamio em pec\u00fania<\/strong><\/span><\/li>\n<li style=\"text-align: justify\"><span style=\"font-size: 14pt\"><strong>Aposentadoria Especial autom\u00e1tica por insalubridade<\/strong><\/span><\/li>\n<li style=\"text-align: justify\"><span style=\"font-size: 14pt\"><strong>Atualiza\u00e7\u00e3o do valor do t\u00edquete alimenta\u00e7\u00e3o<\/strong><\/span><\/li>\n<li style=\"text-align: justify\"><span style=\"font-size: 14pt\"><strong>Cria\u00e7\u00e3o da Diretoria de Enfermagem na SES\/DF<\/strong><\/span><\/li>\n<li style=\"text-align: justify\"><span style=\"font-size: 14pt\"><strong>Manter os cargos ocupados por enfermeiros, nas ger\u00eancias dos Centros de Sa\u00fade, UPAS e Hospitais<\/strong><\/span><\/li>\n<li style=\"text-align: justify\"><span style=\"font-size: 14pt\"><strong>Garantir folgas compensat\u00f3rias aos enfermeiros, referentes aos dias trabalhados em feriados<\/strong><\/span><\/li>\n<li style=\"text-align: justify\"><span style=\"font-size: 14pt\"><strong>Criar gratifica\u00e7\u00e3o para os coordenadores das equipes de sa\u00fade da fam\u00edlia<\/strong><\/span><\/li>\n<li style=\"text-align: justify\"><span style=\"font-size: 14pt\"><strong>Nos posicionamos contra a retirada do direito da licen\u00e7a pr\u00eamio<\/strong><\/span><\/li>\n<li style=\"text-align: justify\"><span style=\"font-size: 14pt\"><strong>Reivindicamos melhores condi\u00e7\u00f5es de trabalho<\/strong><\/span><\/li>\n<\/ul>\n<p>&nbsp;<\/p>\n","protected":false},"excerpt":{"rendered":"<p>S\u00e9rgio Sampaio, da Casa Civil, d\u00e1 prazo de 24h para decis\u00e3o sobre corte de ponto das categorias que fizeram paralisa\u00e7\u00e3o O SindEnfermeiro participou, hoje (24), de reuni\u00e3o entre representantes sindicais do setor da sa\u00fade e os secret\u00e1rios de sa\u00fade e da Casa Civil, Humberto Fonseca e S\u00e9rgio Sampaio, respectivamente. Esta foi a primeira reuni\u00e3o conjunta [&hellip;]<\/p>\n","protected":false},"author":6,"featured_media":604,"comment_status":"closed","ping_status":"closed","sticky":false,"template":"","format":"standard","meta":{"footnotes":""},"categories":[6,2],"tags":[],"class_list":["post-596","post","type-post","status-publish","format-standard","has-post-thumbnail","hentry","category-noticias","category-teste"],"_links":{"self":[{"href":"https:\/\/sindenfermeiro.com.br\/index.php\/wp-json\/wp\/v2\/posts\/596","targetHints":{"allow":["GET"]}}],"collection":[{"href":"https:\/\/sindenfermeiro.com.br\/index.php\/wp-json\/wp\/v2\/posts"}],"about":[{"href":"https:\/\/sindenfermeiro.com.br\/index.php\/wp-json\/wp\/v2\/types\/post"}],"author":[{"embeddable":true,"href":"https:\/\/sindenfermeiro.com.br\/index.php\/wp-json\/wp\/v2\/users\/6"}],"replies":[{"embeddable":true,"href":"https:\/\/sindenfermeiro.com.br\/index.php\/wp-json\/wp\/v2\/comments?post=596"}],"version-history":[{"count":1,"href":"https:\/\/sindenfermeiro.com.br\/index.php\/wp-json\/wp\/v2\/posts\/596\/revisions"}],"predecessor-version":[{"id":36831,"href":"https:\/\/sindenfermeiro.com.br\/index.php\/wp-json\/wp\/v2\/posts\/596\/revisions\/36831"}],"wp:featuredmedia":[{"embeddable":true,"href":"https:\/\/sindenfermeiro.com.br\/index.php\/wp-json\/"}],"wp:attachment":[{"href":"https:\/\/sindenfermeiro.com.br\/index.php\/wp-json\/wp\/v2\/media?parent=596"}],"wp:term":[{"taxonomy":"category","embeddable":true,"href":"https:\/\/sindenfermeiro.com.br\/index.php\/wp-json\/wp\/v2\/categories?post=596"},{"taxonomy":"post_tag","embeddable":true,"href":"https:\/\/sindenfermeiro.com.br\/index.php\/wp-json\/wp\/v2\/tags?post=596"}],"curies":[{"name":"wp","href":"https:\/\/api.w.org\/{rel}","templated":true}]}}