{"id":5955,"date":"2019-03-08T12:26:36","date_gmt":"2019-03-08T12:26:36","guid":{"rendered":"http:\/\/www.sindenfermeiro.com.br\/?p=5955"},"modified":"2026-04-26T15:23:17","modified_gmt":"2026-04-26T18:23:17","slug":"palestra-inteligencia-emocional-no-trabalho","status":"publish","type":"post","link":"https:\/\/sindenfermeiro.com.br\/index.php\/2019\/03\/08\/palestra-inteligencia-emocional-no-trabalho\/","title":{"rendered":"Palestra &#8211; &#8220;Intelig\u00eancia Emocional no Trabalho"},"content":{"rendered":"<p>O Sindicato dos Enfermeiros do Distrito Federal convida a todos os gerentes de enfermagem e os gestores de sa\u00fade em aten\u00e7\u00e3o prim\u00e1ria da Secretaria de Sa\u00fade do Distrito Federal (SES-DF) para participarem, no dia 27 de mar\u00e7o, da palestra sobre \u201cIntelig\u00eancia Emocional no Trabalho\u201d, com o diretor do SindEnfermeiro e coach S\u00e9rgio Lima.<\/p>\n<p>A aula traz uma vis\u00e3o diferenciada sobre como lidar com as emo\u00e7\u00f5es, conciliar raz\u00e3o e emo\u00e7\u00e3o e estimular o foco \u2013 com o intuito de buscar melhores resultados dentro do ambiente de trabalho.<\/p>\n<p>O evento ocorrer\u00e1 na sede do SindEnfermeiro-DF, na 714 norte, \u00e0s 19h15, e tamb\u00e9m ser\u00e1 aberto para os enfermeiros em geral. A taxa de inscri\u00e7\u00e3o para enfermeiros sindicalizados \u00e9 de 1 kg de alimento n\u00e3o perec\u00edvel, e, para n\u00e3o sindicalizados, o valor \u00e9 de R$ 25, al\u00e9m de 1 kg de alimento n\u00e3o perec\u00edvel.<\/p>\n<p>Evento: Palestra sobre \u201cIntelig\u00eancia Emocional\u201d, com o diretor do SindEnfermeiro e coach S\u00e9rgio Lima.<\/p>\n<p>&#x1f5d3;Quando? 27 de mar\u00e7o (quarta-feira)<\/p>\n<p>&#x1f3e2;Onde? Sede do SindEnfermeiro, 714 Norte \u2013 Bloco H<\/p>\n<p>&#x1f55c;Hor\u00e1rio: 19h15<\/p>\n<p>Valor: 1kg de alimento n\u00e3o perec\u00edvel para sindicalizados e para os gestores da Diretoria de Enfermagem e Gestores de Aten\u00e7\u00e3o Prim\u00e1ria (DIENF e GSAP, respectivamente); R$ 25 + 1kg de alimento para n\u00e3o sindicalizados.<\/p>\n<p>VAGAS LIMITADAS<\/p>\n<p><img loading=\"lazy\" decoding=\"async\" class=\"alignnone size-medium wp-image-5956\" src=\"http:\/\/www.sindenfermeiro.com.br\/wp-content\/uploads\/2019\/03\/PALESTRA-INTELEGIENCIA-EMOCIONAL-900x900.jpg\" alt=\"\" width=\"900\" height=\"900\" \/><\/p>\n","protected":false},"excerpt":{"rendered":"<p>O Sindicato dos Enfermeiros do Distrito Federal convida a todos os gerentes de enfermagem e os gestores de sa\u00fade em aten\u00e7\u00e3o prim\u00e1ria da Secretaria de Sa\u00fade do Distrito Federal (SES-DF) para participarem, no dia 27 de mar\u00e7o, da palestra sobre \u201cIntelig\u00eancia Emocional no Trabalho\u201d, com o diretor do SindEnfermeiro e coach S\u00e9rgio Lima. A aula [&hellip;]<\/p>\n","protected":false},"author":6,"featured_media":5956,"comment_status":"closed","ping_status":"closed","sticky":false,"template":"","format":"standard","meta":{"footnotes":""},"categories":[6,13,5],"tags":[59,195,196,7,54,197,198,199,200,43],"class_list":["post-5955","post","type-post","status-publish","format-standard","has-post-thumbnail","hentry","category-noticias","category-rede-privada","category-rede-publica","tag-brasilia","tag-coach","tag-emocionak","tag-enfermagem","tag-enfermeiros","tag-gerentes","tag-gestores","tag-hospitais","tag-inteligencia","tag-saude"],"_links":{"self":[{"href":"https:\/\/sindenfermeiro.com.br\/index.php\/wp-json\/wp\/v2\/posts\/5955","targetHints":{"allow":["GET"]}}],"collection":[{"href":"https:\/\/sindenfermeiro.com.br\/index.php\/wp-json\/wp\/v2\/posts"}],"about":[{"href":"https:\/\/sindenfermeiro.com.br\/index.php\/wp-json\/wp\/v2\/types\/post"}],"author":[{"embeddable":true,"href":"https:\/\/sindenfermeiro.com.br\/index.php\/wp-json\/wp\/v2\/users\/6"}],"replies":[{"embeddable":true,"href":"https:\/\/sindenfermeiro.com.br\/index.php\/wp-json\/wp\/v2\/comments?post=5955"}],"version-history":[{"count":1,"href":"https:\/\/sindenfermeiro.com.br\/index.php\/wp-json\/wp\/v2\/posts\/5955\/revisions"}],"predecessor-version":[{"id":20813,"href":"https:\/\/sindenfermeiro.com.br\/index.php\/wp-json\/wp\/v2\/posts\/5955\/revisions\/20813"}],"wp:featuredmedia":[{"embeddable":true,"href":"https:\/\/sindenfermeiro.com.br\/index.php\/wp-json\/"}],"wp:attachment":[{"href":"https:\/\/sindenfermeiro.com.br\/index.php\/wp-json\/wp\/v2\/media?parent=5955"}],"wp:term":[{"taxonomy":"category","embeddable":true,"href":"https:\/\/sindenfermeiro.com.br\/index.php\/wp-json\/wp\/v2\/categories?post=5955"},{"taxonomy":"post_tag","embeddable":true,"href":"https:\/\/sindenfermeiro.com.br\/index.php\/wp-json\/wp\/v2\/tags?post=5955"}],"curies":[{"name":"wp","href":"https:\/\/api.w.org\/{rel}","templated":true}]}}