{"id":5938,"date":"2019-03-01T18:18:33","date_gmt":"2019-03-01T18:18:33","guid":{"rendered":"http:\/\/www.sindenfermeiro.com.br\/?p=5938"},"modified":"2026-04-26T15:21:32","modified_gmt":"2026-04-26T18:21:32","slug":"horario-de-funcionamento-carnaval","status":"publish","type":"post","link":"https:\/\/sindenfermeiro.com.br\/index.php\/2019\/03\/01\/horario-de-funcionamento-carnaval\/","title":{"rendered":"Hor\u00e1rio de Funcionamento &#8211; Carnaval"},"content":{"rendered":"<p style=\"font-weight: 400\">O Sindicato dos Enfermeiros do Distrito Federal informa que, em virtude do feriado de Carnaval, n\u00e3o haver\u00e1 atendimento ao p\u00fablico entre os dias 04 e 06 de mar\u00e7o.<\/p>\n<p style=\"font-weight: 400\">Retornaremos \u00e0s nossas atividades normalmente na quinta-feira (07).<\/p>\n<p style=\"font-weight: 400\">Desde j\u00e1, agradecemos a compreens\u00e3o.<\/p>\n<p><img loading=\"lazy\" decoding=\"async\" class=\"alignnone size-medium wp-image-5939\" src=\"http:\/\/www.sindenfermeiro.com.br\/wp-content\/uploads\/2019\/03\/modelo-hor\u00e1rio-de-funcionamento-carnaval--886x900.jpg\" alt=\"\" width=\"886\" height=\"900\" \/><\/p>\n","protected":false},"excerpt":{"rendered":"<p>O Sindicato dos Enfermeiros do Distrito Federal informa que, em virtude do feriado de Carnaval, n\u00e3o haver\u00e1 atendimento ao p\u00fablico entre os dias 04 e 06 de mar\u00e7o. Retornaremos \u00e0s nossas atividades normalmente na quinta-feira (07). Desde j\u00e1, agradecemos a compreens\u00e3o.<\/p>\n","protected":false},"author":6,"featured_media":5939,"comment_status":"closed","ping_status":"closed","sticky":false,"template":"","format":"standard","meta":{"footnotes":""},"categories":[6,13,5],"tags":[],"class_list":["post-5938","post","type-post","status-publish","format-standard","has-post-thumbnail","hentry","category-noticias","category-rede-privada","category-rede-publica"],"_links":{"self":[{"href":"https:\/\/sindenfermeiro.com.br\/index.php\/wp-json\/wp\/v2\/posts\/5938","targetHints":{"allow":["GET"]}}],"collection":[{"href":"https:\/\/sindenfermeiro.com.br\/index.php\/wp-json\/wp\/v2\/posts"}],"about":[{"href":"https:\/\/sindenfermeiro.com.br\/index.php\/wp-json\/wp\/v2\/types\/post"}],"author":[{"embeddable":true,"href":"https:\/\/sindenfermeiro.com.br\/index.php\/wp-json\/wp\/v2\/users\/6"}],"replies":[{"embeddable":true,"href":"https:\/\/sindenfermeiro.com.br\/index.php\/wp-json\/wp\/v2\/comments?post=5938"}],"version-history":[{"count":1,"href":"https:\/\/sindenfermeiro.com.br\/index.php\/wp-json\/wp\/v2\/posts\/5938\/revisions"}],"predecessor-version":[{"id":36762,"href":"https:\/\/sindenfermeiro.com.br\/index.php\/wp-json\/wp\/v2\/posts\/5938\/revisions\/36762"}],"wp:featuredmedia":[{"embeddable":true,"href":"https:\/\/sindenfermeiro.com.br\/index.php\/wp-json\/"}],"wp:attachment":[{"href":"https:\/\/sindenfermeiro.com.br\/index.php\/wp-json\/wp\/v2\/media?parent=5938"}],"wp:term":[{"taxonomy":"category","embeddable":true,"href":"https:\/\/sindenfermeiro.com.br\/index.php\/wp-json\/wp\/v2\/categories?post=5938"},{"taxonomy":"post_tag","embeddable":true,"href":"https:\/\/sindenfermeiro.com.br\/index.php\/wp-json\/wp\/v2\/tags?post=5938"}],"curies":[{"name":"wp","href":"https:\/\/api.w.org\/{rel}","templated":true}]}}