{"id":5934,"date":"2019-03-01T15:11:47","date_gmt":"2019-03-01T15:11:47","guid":{"rendered":"http:\/\/www.sindenfermeiro.com.br\/?p=5934"},"modified":"2026-04-26T15:23:09","modified_gmt":"2026-04-26T18:23:09","slug":"ato-08-de-marco-dia-internacional-da-mulher","status":"publish","type":"post","link":"https:\/\/sindenfermeiro.com.br\/index.php\/2019\/03\/01\/ato-08-de-marco-dia-internacional-da-mulher\/","title":{"rendered":"ATO &#8211; 08 DE MAR\u00c7O &#8211; DIA INTERNACIONAL DA MULHER"},"content":{"rendered":"<p>O Sindicato dos Enfermeiros do Distrito Federal convida toda as enfermeiras e enfermeiros a participarem, no dia 08 de mar\u00e7o \u2013 Dia Internacional da Mulher, do cortejo que celebra a luta das mulheres do DF e Entorno, com o tema \u201cPela vida das mulheres, RESISTIREMOS!\u201d. O ato, que d\u00e1 in\u00edcio \u00e0 jornada de lutas contra a reforma da previd\u00eancia, ter\u00e1 in\u00edcio \u00e0s 16h no gramado em frente \u00e0 Rodovi\u00e1ria do Plano Piloto, e percorrer\u00e1 toda a\u00a0<span class=\"text_exposed_show\">Esplanada dos Minist\u00e9rios.<\/span><\/p>\n<div class=\"text_exposed_show\">\n<p>Nesse ano, a comitiva tem como proposta abordar diferentes pautas ligadas \u00e0 mulher, como a defesa dos seus direitos e o combate ao feminic\u00eddio \u2013 em alas puxadas por blocos de carnaval tradicionais de Bras\u00edlia, trazendo ax\u00e9, samba e muito frevo!<\/p>\n<p>O SindEnfermeiro , o Centro Acad\u00eamico de Enfermagem da ESCS e o Comit\u00ea Estudantil da ABEn ir\u00e3o participar da ala contra a Reforma da Previd\u00eancia, trazendo uma reflex\u00e3o sobre o impacto negativo da proposta do governo Bolsonaro, especialmente sobre as mulheres \u2013 pois desconsidera a jornada tripla acumulada pelas trabalhadoras, e as rela\u00e7\u00f5es prec\u00e1rias de trabalho a que est\u00e3o submetidas, como sal\u00e1rios inferiores aos homens, e demiss\u00f5es ap\u00f3s o fim da estabilidade garantida pela licen\u00e7a-maternidade.<\/p>\n<p>Vamos juntos participar dessa luta a favor das mulheres, sem deixar de lado a alegria do carnaval!<\/p>\n<p>Evento: \u201cPela vida das mulheres, RESISTIREMOS!\u201d<\/p>\n<p><span class=\"_5mfr\"><span class=\"_6qdm\">&#x1f4c6;<\/span><\/span>\u00a0Quando? 08 de mar\u00e7o (sexta-feira)<\/p>\n<p><span class=\"_5mfr\"><span class=\"_6qdm\">&#x23f0;<\/span><\/span>\u00a0Hor\u00e1rio: 16h<\/p>\n<p><span class=\"_5mfr\"><span class=\"_6qdm\">&#x1f3ec;<\/span><\/span>\u00a0Onde? Concentra\u00e7\u00e3o no gramado da Rodovi\u00e1ria do Plano Piloto<\/p>\n<p><img loading=\"lazy\" decoding=\"async\" class=\"alignnone size-medium wp-image-5935\" src=\"http:\/\/www.sindenfermeiro.com.br\/wp-content\/uploads\/2019\/03\/CARTAZ-SINDENFERMEIRO-DF-8-DE-MAR\u00c7O-636x900.jpg\" alt=\"\" width=\"636\" height=\"900\" \/><\/p>\n<\/div>\n","protected":false},"excerpt":{"rendered":"<p>O Sindicato dos Enfermeiros do Distrito Federal convida toda as enfermeiras e enfermeiros a participarem, no dia 08 de mar\u00e7o \u2013 Dia Internacional da Mulher, do cortejo que celebra a luta das mulheres do DF e Entorno, com o tema \u201cPela vida das mulheres, RESISTIREMOS!\u201d. O ato, que d\u00e1 in\u00edcio \u00e0 jornada de lutas contra [&hellip;]<\/p>\n","protected":false},"author":6,"featured_media":5936,"comment_status":"closed","ping_status":"closed","sticky":false,"template":"","format":"standard","meta":{"footnotes":""},"categories":[6,13,5],"tags":[186,59,187,188,189,190,191,192,43,21,56,193,194],"class_list":["post-5934","post","type-post","status-publish","format-standard","has-post-thumbnail","hentry","category-noticias","category-rede-privada","category-rede-publica","tag-8-de-marco","tag-brasilia","tag-cortejo","tag-dia-08","tag-marco","tag-mulheres","tag-pela","tag-resistencia","tag-saude","tag-sindenfermeiro","tag-sindicato","tag-todas","tag-vida"],"_links":{"self":[{"href":"https:\/\/sindenfermeiro.com.br\/index.php\/wp-json\/wp\/v2\/posts\/5934","targetHints":{"allow":["GET"]}}],"collection":[{"href":"https:\/\/sindenfermeiro.com.br\/index.php\/wp-json\/wp\/v2\/posts"}],"about":[{"href":"https:\/\/sindenfermeiro.com.br\/index.php\/wp-json\/wp\/v2\/types\/post"}],"author":[{"embeddable":true,"href":"https:\/\/sindenfermeiro.com.br\/index.php\/wp-json\/wp\/v2\/users\/6"}],"replies":[{"embeddable":true,"href":"https:\/\/sindenfermeiro.com.br\/index.php\/wp-json\/wp\/v2\/comments?post=5934"}],"version-history":[{"count":1,"href":"https:\/\/sindenfermeiro.com.br\/index.php\/wp-json\/wp\/v2\/posts\/5934\/revisions"}],"predecessor-version":[{"id":36827,"href":"https:\/\/sindenfermeiro.com.br\/index.php\/wp-json\/wp\/v2\/posts\/5934\/revisions\/36827"}],"wp:featuredmedia":[{"embeddable":true,"href":"https:\/\/sindenfermeiro.com.br\/index.php\/wp-json\/"}],"wp:attachment":[{"href":"https:\/\/sindenfermeiro.com.br\/index.php\/wp-json\/wp\/v2\/media?parent=5934"}],"wp:term":[{"taxonomy":"category","embeddable":true,"href":"https:\/\/sindenfermeiro.com.br\/index.php\/wp-json\/wp\/v2\/categories?post=5934"},{"taxonomy":"post_tag","embeddable":true,"href":"https:\/\/sindenfermeiro.com.br\/index.php\/wp-json\/wp\/v2\/tags?post=5934"}],"curies":[{"name":"wp","href":"https:\/\/api.w.org\/{rel}","templated":true}]}}