{"id":5927,"date":"2019-02-28T14:13:15","date_gmt":"2019-02-28T14:13:15","guid":{"rendered":"http:\/\/www.sindenfermeiro.com.br\/?p=5927"},"modified":"2026-04-26T15:22:20","modified_gmt":"2026-04-26T18:22:20","slug":"nota-de-esclarecimento-e-retratacao","status":"publish","type":"post","link":"https:\/\/sindenfermeiro.com.br\/index.php\/2019\/02\/28\/nota-de-esclarecimento-e-retratacao\/","title":{"rendered":"Nota de Esclarecimento e Retrata\u00e7\u00e3o"},"content":{"rendered":"<div><\/div>\n<div><\/div>\n<div>O Sindicato dos Enfermeiros do Distrito Federal vem por meio da presente nota esclarecer e retratar o equ\u00edvoco na mat\u00e9ria \u201cSindEnfermeiro notifica Santa Marta por n\u00e3o pagar reajuste de enfermeiros\u201d, vinculada em nossos canais de comunica\u00e7\u00e3o em 27.2.2019.<\/div>\n<div><\/div>\n<div>Esclarece que, em verdade, o SindEnfermeiro-DF recebeu diversas den\u00fancias sobre o n\u00e3o cumprimento da Conven\u00e7\u00e3o Coletiva de Trabalho \u2013 CCT 2018\/2019, firmada entre o Sindicato dos Enfermeiros do Distrito Federal e o Sindicato Brasiliense de Hospitais, Casas de Sa\u00fade e Cl\u00ednicas \u2013 SBH, em rela\u00e7\u00e3o ao REAJUSTE SALARIAL devido \u00e0 categoria dos enfermeiros e, diante da situa\u00e7\u00e3o, notificou o Hospital Santa Marta para que prestasse os esclarecimentos necess\u00e1rios.<\/div>\n<div><\/div>\n<div>At\u00e9 o presente momento o Hospital Santa Marta ainda n\u00e3o se manifestou sobre a notifica\u00e7\u00e3o, n\u00e3o sendo poss\u00edvel, nesse momento, afirmar o efetivo cumprimento ou n\u00e3o da Conven\u00e7\u00e3o Coletiva.<\/div>\n<div><\/div>\n<div>Diante do quadro atual, o SindEnfermeiro-DF se retrata sobre quaisquer interpreta\u00e7\u00f5es dadas ao texto informativo, assegurando que n\u00e3o \u00e9 poss\u00edvel afirmar que o reajuste n\u00e3o est\u00e1 regularizado naquele Hospital, bem como informa que permanece aguardando esclarecimentos do Hospital Santa Marta sobre as den\u00fancias recebidas.<\/div>\n<div><\/div>\n<div>O SindEnfermeiro pauta todas suas a\u00e7\u00f5es no di\u00e1logo e na cordialidade e, como entidade representativa, defende a categoria que deposita sua confian\u00e7a na institui\u00e7\u00e3o.<\/div>\n","protected":false},"excerpt":{"rendered":"<p>O Sindicato dos Enfermeiros do Distrito Federal vem por meio da presente nota esclarecer e retratar o equ\u00edvoco na mat\u00e9ria \u201cSindEnfermeiro notifica Santa Marta por n\u00e3o pagar reajuste de enfermeiros\u201d, vinculada em nossos canais de comunica\u00e7\u00e3o em 27.2.2019. Esclarece que, em verdade, o SindEnfermeiro-DF recebeu diversas den\u00fancias sobre o n\u00e3o cumprimento da Conven\u00e7\u00e3o Coletiva de [&hellip;]<\/p>\n","protected":false},"author":6,"featured_media":5930,"comment_status":"closed","ping_status":"closed","sticky":false,"template":"","format":"standard","meta":{"footnotes":""},"categories":[6,13],"tags":[7,99,46,185,22],"class_list":["post-5927","post","type-post","status-publish","format-standard","has-post-thumbnail","hentry","category-noticias","category-rede-privada","tag-enfermagem","tag-enfermagem-df","tag-rede-privada","tag-santa-marta","tag-sindicato-dos-enfermeiros"],"_links":{"self":[{"href":"https:\/\/sindenfermeiro.com.br\/index.php\/wp-json\/wp\/v2\/posts\/5927","targetHints":{"allow":["GET"]}}],"collection":[{"href":"https:\/\/sindenfermeiro.com.br\/index.php\/wp-json\/wp\/v2\/posts"}],"about":[{"href":"https:\/\/sindenfermeiro.com.br\/index.php\/wp-json\/wp\/v2\/types\/post"}],"author":[{"embeddable":true,"href":"https:\/\/sindenfermeiro.com.br\/index.php\/wp-json\/wp\/v2\/users\/6"}],"replies":[{"embeddable":true,"href":"https:\/\/sindenfermeiro.com.br\/index.php\/wp-json\/wp\/v2\/comments?post=5927"}],"version-history":[{"count":1,"href":"https:\/\/sindenfermeiro.com.br\/index.php\/wp-json\/wp\/v2\/posts\/5927\/revisions"}],"predecessor-version":[{"id":18212,"href":"https:\/\/sindenfermeiro.com.br\/index.php\/wp-json\/wp\/v2\/posts\/5927\/revisions\/18212"}],"wp:featuredmedia":[{"embeddable":true,"href":"https:\/\/sindenfermeiro.com.br\/index.php\/wp-json\/"}],"wp:attachment":[{"href":"https:\/\/sindenfermeiro.com.br\/index.php\/wp-json\/wp\/v2\/media?parent=5927"}],"wp:term":[{"taxonomy":"category","embeddable":true,"href":"https:\/\/sindenfermeiro.com.br\/index.php\/wp-json\/wp\/v2\/categories?post=5927"},{"taxonomy":"post_tag","embeddable":true,"href":"https:\/\/sindenfermeiro.com.br\/index.php\/wp-json\/wp\/v2\/tags?post=5927"}],"curies":[{"name":"wp","href":"https:\/\/api.w.org\/{rel}","templated":true}]}}