{"id":5889,"date":"2019-02-26T12:21:26","date_gmt":"2019-02-26T12:21:26","guid":{"rendered":"http:\/\/www.sindenfermeiro.com.br\/?p=5889"},"modified":"2026-05-01T07:32:18","modified_gmt":"2026-05-01T10:32:18","slug":"sessao-solene-marca-os-45-anos-do-hrt","status":"publish","type":"post","link":"https:\/\/sindenfermeiro.com.br\/index.php\/2019\/02\/26\/sessao-solene-marca-os-45-anos-do-hrt\/","title":{"rendered":"Sess\u00e3o solene marca os 45 anos do HRT"},"content":{"rendered":"<style type=\"text\/css\">\n#foogallery-gallery-5892 .fg-image { width: 640px; }<\/style>\n\t\t\t<div class=\"foogallery foogallery-container foogallery-image-viewer foogallery-link-image foogallery-lightbox-none fg-center fg-image-viewer fg-ready fg-light fg-border-thin fg-shadow-outline fg-loading-default fg-loaded-fade-in fg-caption-hover fg-hover-fade fg-hover-zoom\" id=\"foogallery-gallery-5892\" data-foogallery=\"{&quot;item&quot;:{&quot;showCaptionTitle&quot;:true,&quot;showCaptionDescription&quot;:true},&quot;lazy&quot;:true,&quot;template&quot;:{&quot;loop&quot;:true}}\" style=\"--fg-title-line-clamp: 0; --fg-description-line-clamp: 0;\" >\n\t<div class=\"fiv-inner\">\n\t\t<div class=\"fiv-inner-container\">\n\t\t\t\t\t<\/div>\n\t\t<div class=\"fiv-ctrls\">\n\t\t\t<button type=\"button\" class=\"fiv-prev\" title=\"Prev\"><span>Prev<\/span><\/button>\n\t\t\t<label class=\"fiv-count\"><span class=\"fiv-count-current\">1<\/span>of<span class=\"fiv-count-total\">5<\/span><\/label>\n\t\t\t<button type=\"button\" class=\"fiv-next\" title=\"Next\"><span>Next<\/span><\/button>\n\t\t<\/div>\n\t<\/div>\n<\/div>\n<p>Na manh\u00e3 da \u00faltima segunda-feira (25), o audit\u00f3rio do Hospital Regional de Taguatinga (HRT), sediou Sess\u00e3o Solene em celebra\u00e7\u00e3o aos 45 anos do hospital. De iniciativa do deputado distrital, Jorge Vianna (Podemos), o evento contou com a participa\u00e7\u00e3o da presidente do SindEnfermeiro, Dayse Amar\u00edlio e com diretores do SindEnfermeiro.<\/p>\n<p>Tamb\u00e9m participaram do evento a administradora de Taguatinga, Karolyne Guimar\u00e3es, o diretor do HRT, S\u00e1vio Ananias, a superintendente da regi\u00e3o de sa\u00fade, Lucilene de Queir\u00f3z, representantes da Secretaria de Sa\u00fade, do Conselho Federal de Enfermagem, Gilney Guerra e de representa\u00e7\u00f5es sindicais da sa\u00fade.<\/p>\n<p>Durante a cerim\u00f4nia, a presidente do SindEnfermeiro ressaltou a import\u00e2ncia dos servidores na constru\u00e7\u00e3o da hist\u00f3ria do HRT. \u201cInstitui\u00e7\u00f5es s\u00e3o pessoas. S\u00e3o os servidores que fizeram a diferen\u00e7a e constru\u00edram a hist\u00f3ria desse hospital. Os parab\u00e9ns \u00e9 para voc\u00eas servidores! E n\u00f3s temos certeza de que se voc\u00eas tiverem melhores condi\u00e7\u00f5es de trabalho, com certeza ir\u00e3o desempenhar um atendimento ainda melhor\u201d, completou Dayse Amar\u00edlio.<\/p>\n","protected":false},"excerpt":{"rendered":"<p>Na manh\u00e3 da \u00faltima segunda-feira (25), o audit\u00f3rio do Hospital Regional de Taguatinga (HRT), sediou Sess\u00e3o Solene em celebra\u00e7\u00e3o aos 45 anos do hospital. De iniciativa do deputado distrital, Jorge Vianna (Podemos), o evento contou com a participa\u00e7\u00e3o da presidente do SindEnfermeiro, Dayse Amar\u00edlio e com diretores do SindEnfermeiro. Tamb\u00e9m participaram do evento a administradora [&hellip;]<\/p>\n","protected":false},"author":6,"featured_media":5891,"comment_status":"closed","ping_status":"closed","sticky":false,"template":"","format":"standard","meta":{"footnotes":""},"categories":[14,6,5],"tags":[7,166,183,184,21,44],"class_list":["post-5889","post","type-post","status-publish","format-standard","has-post-thumbnail","hentry","category-midia","category-noticias","category-rede-publica","tag-enfermagem","tag-enfermagemdf","tag-hospital-regional-de-taguatinga","tag-hrt","tag-sindenfermeiro","tag-sindenfermeiro-df"],"_links":{"self":[{"href":"https:\/\/sindenfermeiro.com.br\/index.php\/wp-json\/wp\/v2\/posts\/5889","targetHints":{"allow":["GET"]}}],"collection":[{"href":"https:\/\/sindenfermeiro.com.br\/index.php\/wp-json\/wp\/v2\/posts"}],"about":[{"href":"https:\/\/sindenfermeiro.com.br\/index.php\/wp-json\/wp\/v2\/types\/post"}],"author":[{"embeddable":true,"href":"https:\/\/sindenfermeiro.com.br\/index.php\/wp-json\/wp\/v2\/users\/6"}],"replies":[{"embeddable":true,"href":"https:\/\/sindenfermeiro.com.br\/index.php\/wp-json\/wp\/v2\/comments?post=5889"}],"version-history":[{"count":1,"href":"https:\/\/sindenfermeiro.com.br\/index.php\/wp-json\/wp\/v2\/posts\/5889\/revisions"}],"predecessor-version":[{"id":37166,"href":"https:\/\/sindenfermeiro.com.br\/index.php\/wp-json\/wp\/v2\/posts\/5889\/revisions\/37166"}],"wp:featuredmedia":[{"embeddable":true,"href":"https:\/\/sindenfermeiro.com.br\/index.php\/wp-json\/"}],"wp:attachment":[{"href":"https:\/\/sindenfermeiro.com.br\/index.php\/wp-json\/wp\/v2\/media?parent=5889"}],"wp:term":[{"taxonomy":"category","embeddable":true,"href":"https:\/\/sindenfermeiro.com.br\/index.php\/wp-json\/wp\/v2\/categories?post=5889"},{"taxonomy":"post_tag","embeddable":true,"href":"https:\/\/sindenfermeiro.com.br\/index.php\/wp-json\/wp\/v2\/tags?post=5889"}],"curies":[{"name":"wp","href":"https:\/\/api.w.org\/{rel}","templated":true}]}}