{"id":5880,"date":"2019-02-25T18:47:56","date_gmt":"2019-02-25T18:47:56","guid":{"rendered":"http:\/\/www.sindenfermeiro.com.br\/?p=5880"},"modified":"2026-04-26T14:20:33","modified_gmt":"2026-04-26T17:20:33","slug":"seminario-violencia-enfrentamento-e-superacao-2","status":"publish","type":"post","link":"https:\/\/sindenfermeiro.com.br\/index.php\/2019\/02\/25\/seminario-violencia-enfrentamento-e-superacao-2\/","title":{"rendered":"Semin\u00e1rio \u2013 \u201cViol\u00eancia: enfrentamento e supera\u00e7\u00e3o\u201d"},"content":{"rendered":"<p>No Brasil \u00e9 comum relatos de ass\u00e9dio e abuso contra profissionais e pacientes, no Distrito Federal essa realidade n\u00e3o \u00e9 diferente.<br \/>\nDiante dessa situa\u00e7\u00e3o, o SindEnfermeiro-DF realizar\u00e1 um semin\u00e1rio que tratar\u00e1 do assunto. \u201cViol\u00eancia: enfrentamento e supera\u00e7\u00e3o\u201d \u00e9 o nome do evento que acontecer\u00e1 no dia 16 de mar\u00e7o (s\u00e1bado), a partir das 09 da manh\u00e3, na sede do sindicato.<br \/>\nO semin\u00e1rio \u00e9 gratuito e direcionado a estudantes e profissionais de sa\u00fade. A nossa maior defesa \u00e9 a informa\u00e7\u00e3o. Ajude-nos a construir uma sociedade sem viol\u00eancia e sem ass\u00e9dio.<\/p>\n<p><strong>SERVI\u00c7O:<\/strong><br \/>\nSemin\u00e1rio \u2013 \u201cViol\u00eancia: enfrentamento e supera\u00e7\u00e3o\u201d<\/p>\n<p>&#x23f0;Qual a data e hor\u00e1rio? 16 de mar\u00e7o (s\u00e1bado), a partir das 09h.<\/p>\n<p>&#x260e;Como se inscrever? \u00c9 s\u00f3 ligar no telefone (61) 3273-0307.<\/p>\n<p>&#x1f4cd;Local semin\u00e1rio? Sede do SindEnfermeiro, SCRLN 714, Bloco H, Loja 2, Asa Norte.<\/p>\n<p><img loading=\"lazy\" decoding=\"async\" class=\"alignnone size-medium wp-image-5883\" src=\"http:\/\/www.sindenfermeiro.com.br\/wp-content\/uploads\/2019\/02\/CARTAZ-8-636x900.jpg\" alt=\"\" width=\"636\" height=\"900\" \/><\/p>\n","protected":false},"excerpt":{"rendered":"<p>No Brasil \u00e9 comum relatos de ass\u00e9dio e abuso contra profissionais e pacientes, no Distrito Federal essa realidade n\u00e3o \u00e9 diferente. Diante dessa situa\u00e7\u00e3o, o SindEnfermeiro-DF realizar\u00e1 um semin\u00e1rio que tratar\u00e1 do assunto. \u201cViol\u00eancia: enfrentamento e supera\u00e7\u00e3o\u201d \u00e9 o nome do evento que acontecer\u00e1 no dia 16 de mar\u00e7o (s\u00e1bado), a partir das 09 da [&hellip;]<\/p>\n","protected":false},"author":6,"featured_media":5884,"comment_status":"closed","ping_status":"closed","sticky":false,"template":"","format":"standard","meta":{"footnotes":""},"categories":[6,13,5],"tags":[],"class_list":["post-5880","post","type-post","status-publish","format-standard","has-post-thumbnail","hentry","category-noticias","category-rede-privada","category-rede-publica"],"_links":{"self":[{"href":"https:\/\/sindenfermeiro.com.br\/index.php\/wp-json\/wp\/v2\/posts\/5880","targetHints":{"allow":["GET"]}}],"collection":[{"href":"https:\/\/sindenfermeiro.com.br\/index.php\/wp-json\/wp\/v2\/posts"}],"about":[{"href":"https:\/\/sindenfermeiro.com.br\/index.php\/wp-json\/wp\/v2\/types\/post"}],"author":[{"embeddable":true,"href":"https:\/\/sindenfermeiro.com.br\/index.php\/wp-json\/wp\/v2\/users\/6"}],"replies":[{"embeddable":true,"href":"https:\/\/sindenfermeiro.com.br\/index.php\/wp-json\/wp\/v2\/comments?post=5880"}],"version-history":[{"count":1,"href":"https:\/\/sindenfermeiro.com.br\/index.php\/wp-json\/wp\/v2\/posts\/5880\/revisions"}],"predecessor-version":[{"id":37181,"href":"https:\/\/sindenfermeiro.com.br\/index.php\/wp-json\/wp\/v2\/posts\/5880\/revisions\/37181"}],"wp:featuredmedia":[{"embeddable":true,"href":"https:\/\/sindenfermeiro.com.br\/index.php\/wp-json\/"}],"wp:attachment":[{"href":"https:\/\/sindenfermeiro.com.br\/index.php\/wp-json\/wp\/v2\/media?parent=5880"}],"wp:term":[{"taxonomy":"category","embeddable":true,"href":"https:\/\/sindenfermeiro.com.br\/index.php\/wp-json\/wp\/v2\/categories?post=5880"},{"taxonomy":"post_tag","embeddable":true,"href":"https:\/\/sindenfermeiro.com.br\/index.php\/wp-json\/wp\/v2\/tags?post=5880"}],"curies":[{"name":"wp","href":"https:\/\/api.w.org\/{rel}","templated":true}]}}