{"id":5867,"date":"2019-02-20T18:16:12","date_gmt":"2019-02-20T18:16:12","guid":{"rendered":"http:\/\/www.sindenfermeiro.com.br\/?p=5867"},"modified":"2026-04-26T14:20:49","modified_gmt":"2026-04-26T17:20:49","slug":"cldf-tira-de-pauta-pl-do-piso-da-rede-privada-para-analise","status":"publish","type":"post","link":"https:\/\/sindenfermeiro.com.br\/index.php\/2019\/02\/20\/cldf-tira-de-pauta-pl-do-piso-da-rede-privada-para-analise\/","title":{"rendered":"CLDF tira de pauta PL do Piso da Rede privada para an\u00e1lise"},"content":{"rendered":"<style type=\"text\/css\">\n#foogallery-gallery-5868 .fg-image { width: 640px; }<\/style>\n\t\t\t<div class=\"foogallery foogallery-container foogallery-image-viewer foogallery-link-image foogallery-lightbox-none fg-center fg-image-viewer fg-ready fg-light fg-border-thin fg-shadow-outline fg-loading-default fg-loaded-fade-in fg-caption-hover fg-hover-fade fg-hover-zoom\" id=\"foogallery-gallery-5868\" data-foogallery=\"{&quot;item&quot;:{&quot;showCaptionTitle&quot;:true,&quot;showCaptionDescription&quot;:true},&quot;lazy&quot;:true,&quot;template&quot;:{&quot;loop&quot;:true}}\" style=\"--fg-title-line-clamp: 0; --fg-description-line-clamp: 0;\" >\n\t<div class=\"fiv-inner\">\n\t\t<div class=\"fiv-inner-container\">\n\t\t\t\t\t<\/div>\n\t\t<div class=\"fiv-ctrls\">\n\t\t\t<button type=\"button\" class=\"fiv-prev\" title=\"Prev\"><span>Prev<\/span><\/button>\n\t\t\t<label class=\"fiv-count\"><span class=\"fiv-count-current\">1<\/span>of<span class=\"fiv-count-total\">20<\/span><\/label>\n\t\t\t<button type=\"button\" class=\"fiv-next\" title=\"Next\"><span>Next<\/span><\/button>\n\t\t<\/div>\n\t<\/div>\n<\/div>\n<p>Os deputados tiram de pauta o Projeto de Lei 1.921\/2018, que cria um piso salarial para enfermeiros da rede privada. Por conta de acordo de derrubada de vetos em blocos, os parlamentares que s\u00e3o a favor do PL decidiram tirar o texto da pauta para que ele fosse analisado de maneira mais detalhada e que os outros deputados fossem sensibilizados a respeito do m\u00e9rito do projeto.<\/p>\n<p>Em 2018, o PL do Piso Salarial, como ficou conhecido o projeto, foi aprovado pela C\u00e2mara Legislativa, mas, no entanto, o ex-governador Rodrigo Rollemberg vetou o texto. O projeto busca acabar com as injusti\u00e7as e subsal\u00e1rios contra os enfermeiros da rede privada. \u00a0O PL 1921\/2018 define a remunera\u00e7\u00f5es m\u00ednimas para enfermeiros que trabalham 20, 30, 36 e 44 horas semanais.<\/p>\n<p>\u201cO piso salarial j\u00e1 existe em outros estados. Muitas vezes os sal\u00e1rios pagos na rede privada n\u00e3o pagam os gastos que os profissionais tiveram durante a sua forma\u00e7\u00e3o. E na maioria dos casos, os trabalhadores se desdobram em dois, tr\u00eas empregos diferentes para garantirem condi\u00e7\u00f5es m\u00ednimas para sobreviver\u201d, aponta a presidente do SindEnfermeiro, Dayse Amar\u00edlio.<\/p>\n<p>Para Dayse, com sal\u00e1rios melhores os profissionais podem buscar mais especializa\u00e7\u00f5es e melhorar as condi\u00e7\u00f5es de trabalho, o que refletir\u00e1 diretamente na qualidade da assist\u00eancia.<\/p>\n<p>O SindEnfermeiro-DF est\u00e1 realizando um trabalho de sensibiliza\u00e7\u00e3o com cada um dos parlamentares sobre a import\u00e2ncia do projeto e do impacto da sub-valoriza\u00e7\u00e3o dos profissionais da enfermagem na qualidade da assist\u00eancia das pessoas que est\u00e3o sendo atendidas na rede privada. N\u00e3o mediremos esfor\u00e7os para que todos os profissionais de enfermagem tenham condi\u00e7\u00f5es dignas para exercer suas fun\u00e7\u00f5es.<\/p>\n<p>&nbsp;<\/p>\n","protected":false},"excerpt":{"rendered":"<p>Os deputados tiram de pauta o Projeto de Lei 1.921\/2018, que cria um piso salarial para enfermeiros da rede privada. Por conta de acordo de derrubada de vetos em blocos, os parlamentares que s\u00e3o a favor do PL decidiram tirar o texto da pauta para que ele fosse analisado de maneira mais detalhada e que [&hellip;]<\/p>\n","protected":false},"author":6,"featured_media":5855,"comment_status":"closed","ping_status":"closed","sticky":false,"template":"","format":"standard","meta":{"footnotes":""},"categories":[6,13],"tags":[7,99,178,53,179,46,21,44,22],"class_list":["post-5867","post","type-post","status-publish","format-standard","has-post-thumbnail","hentry","category-noticias","category-rede-privada","tag-enfermagem","tag-enfermagem-df","tag-enfermagem-distrito-federal","tag-piso-salarial","tag-piso-salarial-rede-privada","tag-rede-privada","tag-sindenfermeiro","tag-sindenfermeiro-df","tag-sindicato-dos-enfermeiros"],"_links":{"self":[{"href":"https:\/\/sindenfermeiro.com.br\/index.php\/wp-json\/wp\/v2\/posts\/5867","targetHints":{"allow":["GET"]}}],"collection":[{"href":"https:\/\/sindenfermeiro.com.br\/index.php\/wp-json\/wp\/v2\/posts"}],"about":[{"href":"https:\/\/sindenfermeiro.com.br\/index.php\/wp-json\/wp\/v2\/types\/post"}],"author":[{"embeddable":true,"href":"https:\/\/sindenfermeiro.com.br\/index.php\/wp-json\/wp\/v2\/users\/6"}],"replies":[{"embeddable":true,"href":"https:\/\/sindenfermeiro.com.br\/index.php\/wp-json\/wp\/v2\/comments?post=5867"}],"version-history":[{"count":1,"href":"https:\/\/sindenfermeiro.com.br\/index.php\/wp-json\/wp\/v2\/posts\/5867\/revisions"}],"predecessor-version":[{"id":36990,"href":"https:\/\/sindenfermeiro.com.br\/index.php\/wp-json\/wp\/v2\/posts\/5867\/revisions\/36990"}],"wp:featuredmedia":[{"embeddable":true,"href":"https:\/\/sindenfermeiro.com.br\/index.php\/wp-json\/"}],"wp:attachment":[{"href":"https:\/\/sindenfermeiro.com.br\/index.php\/wp-json\/wp\/v2\/media?parent=5867"}],"wp:term":[{"taxonomy":"category","embeddable":true,"href":"https:\/\/sindenfermeiro.com.br\/index.php\/wp-json\/wp\/v2\/categories?post=5867"},{"taxonomy":"post_tag","embeddable":true,"href":"https:\/\/sindenfermeiro.com.br\/index.php\/wp-json\/wp\/v2\/tags?post=5867"}],"curies":[{"name":"wp","href":"https:\/\/api.w.org\/{rel}","templated":true}]}}