{"id":5838,"date":"2019-02-20T15:15:31","date_gmt":"2019-02-20T15:15:31","guid":{"rendered":"http:\/\/www.sindenfermeiro.com.br\/?p=5838"},"modified":"2026-04-26T17:41:23","modified_gmt":"2026-04-26T20:41:23","slug":"sindenfermeiro-participa-de-comissao-sobre-a-gestao-da-saude-no-df","status":"publish","type":"post","link":"https:\/\/sindenfermeiro.com.br\/index.php\/2019\/02\/20\/sindenfermeiro-participa-de-comissao-sobre-a-gestao-da-saude-no-df\/","title":{"rendered":"SindEnfermeiro participa de comiss\u00e3o sobre a gest\u00e3o da sa\u00fade no DF"},"content":{"rendered":"<style type=\"text\/css\">\n#foogallery-gallery-5817 .fg-image { width: 640px; }<\/style>\n\t\t\t<div class=\"foogallery foogallery-container foogallery-image-viewer foogallery-link-image foogallery-lightbox-none fg-center fg-image-viewer fg-ready fg-light fg-border-thin fg-shadow-outline fg-loading-default fg-loaded-fade-in fg-caption-hover fg-hover-fade fg-hover-zoom\" id=\"foogallery-gallery-5817\" data-foogallery=\"{&quot;item&quot;:{&quot;showCaptionTitle&quot;:true,&quot;showCaptionDescription&quot;:true},&quot;lazy&quot;:true,&quot;template&quot;:{&quot;loop&quot;:true}}\" style=\"--fg-title-line-clamp: 0; --fg-description-line-clamp: 0;\" >\n\t<div class=\"fiv-inner\">\n\t\t<div class=\"fiv-inner-container\">\n\t\t\t\t\t<\/div>\n\t\t<div class=\"fiv-ctrls\">\n\t\t\t<button type=\"button\" class=\"fiv-prev\" title=\"Prev\"><span>Prev<\/span><\/button>\n\t\t\t<label class=\"fiv-count\"><span class=\"fiv-count-current\">1<\/span>of<span class=\"fiv-count-total\">16<\/span><\/label>\n\t\t\t<button type=\"button\" class=\"fiv-next\" title=\"Next\"><span>Next<\/span><\/button>\n\t\t<\/div>\n\t<\/div>\n<\/div>\n<p>Na \u00faltima segunda-feira (18), a presidente do Sindicato dos Enfermeiros do Distrito Federal (SindEnfermeiro-DF), Dayse Amar\u00edlio, e os diretores executivos Tarc\u00edsio Faria e Marcio da Mata, estiveram na audi\u00eancia que debateu \u201cQual o modelo assistencial capaz de tirar a sa\u00fade do DF da UTI?\u201d, realizada na C\u00e2mara Legislativa do Distrito Federal (CLDF) e presidida pela deputada distrital Arlete Sampaio (PT-DF).<\/p>\n<p>A sess\u00e3o tamb\u00e9m contou com a presen\u00e7a do secret\u00e1rio de sa\u00fade, Osnei Okumoto, al\u00e9m do alto escal\u00e3o da Secretaria de Sa\u00fade do Distrito Federal (SES-DF), deputados e membros do Conselho de Sa\u00fade \u2013 incluindo a presidente, Lourdes Piantino.<\/p>\n<p>Os subsecret\u00e1rios de sa\u00fade apresentaram o planejamento estrat\u00e9gico para cada setor da secretaria, trazendo dados sobre valores a serem gastos, o d\u00e9ficit de cada \u00e1rea e as medidas tomadas na atual gest\u00e3o. Foi abordada, ainda, a efetividade da Estrat\u00e9gia de Sa\u00fade da Fam\u00edlia (ESF) e da Aten\u00e7\u00e3o Prim\u00e1ria (APS) como alternativa para desafogar os hospitais de alta complexidade da rede p\u00fablica.<\/p>\n<p>Na audi\u00eancia, tamb\u00e9m estavam presentes entidades representativas da \u00e1rea da sa\u00fade e dos servidores em geral, que questionaram o modelo proposto pelo governador Ibaneis Rocha (MDB-DF), que cria o Instituto de Gest\u00e3o Especial da Sa\u00fade do Distrito Federal (IGES-DF) \u2013 e a sua possibilidade de expans\u00e3o para toda a rede p\u00fablica do DF.<\/p>\n<p><strong>Servidores precisam fazer parte das discuss\u00f5es<\/strong><\/p>\n<p>Em fala durante a audi\u00eancia, Dayse Amar\u00edlio apontou alguns dos problemas que afetam a qualidade do atendimento \u2013 como a falta de insumos e a m\u00e1 aplica\u00e7\u00e3o dos recursos. \u201cPrecisamos saber para onde est\u00e3o indo esses recursos, e aplicar onde realmente se fazem necess\u00e1rios\u201d, pontuou.<\/p>\n<p>Para a presidente, o servidor \u2013 assim como a popula\u00e7\u00e3o, vem sofrendo com a m\u00e1 gest\u00e3o e a situa\u00e7\u00e3o ca\u00f3tica da sa\u00fade no DF. \u201cO servidor vem sendo apontado como o principal culpado dos problemas, e est\u00e1 se afastando da popula\u00e7\u00e3o. N\u00f3s temos a maior for\u00e7a de trabalho e de recursos humanos do pa\u00eds, e precisamos dar condi\u00e7\u00f5es de trabalho, al\u00e9m de ouvir os profissionais, para que eles possam trabalhar a todo vapor\u201d, finaliza.<\/p>\n<p>Por fim, o SindEnfermeiro ressalta a import\u00e2ncia da participa\u00e7\u00e3o popular e dos servidores, e convida para acompanhar as discuss\u00f5es, buscando contribuir na constru\u00e7\u00e3o de uma nova perspectiva para a gest\u00e3o da sa\u00fade do Distrito Federal.<\/p>\n","protected":false},"excerpt":{"rendered":"<p>Na \u00faltima segunda-feira (18), a presidente do Sindicato dos Enfermeiros do Distrito Federal (SindEnfermeiro-DF), Dayse Amar\u00edlio, e os diretores executivos Tarc\u00edsio Faria e Marcio da Mata, estiveram na audi\u00eancia que debateu \u201cQual o modelo assistencial capaz de tirar a sa\u00fade do DF da UTI?\u201d, realizada na C\u00e2mara Legislativa do Distrito Federal (CLDF) e presidida pela [&hellip;]<\/p>\n","protected":false},"author":6,"featured_media":5824,"comment_status":"closed","ping_status":"closed","sticky":false,"template":"","format":"standard","meta":{"footnotes":""},"categories":[6,5],"tags":[34,8,47,90,81,21],"class_list":["post-5838","post","type-post","status-publish","format-standard","has-post-thumbnail","hentry","category-noticias","category-rede-publica","tag-cldf","tag-ibaneis-rocha","tag-rede-publica","tag-saude-publica","tag-ses-df","tag-sindenfermeiro"],"_links":{"self":[{"href":"https:\/\/sindenfermeiro.com.br\/index.php\/wp-json\/wp\/v2\/posts\/5838","targetHints":{"allow":["GET"]}}],"collection":[{"href":"https:\/\/sindenfermeiro.com.br\/index.php\/wp-json\/wp\/v2\/posts"}],"about":[{"href":"https:\/\/sindenfermeiro.com.br\/index.php\/wp-json\/wp\/v2\/types\/post"}],"author":[{"embeddable":true,"href":"https:\/\/sindenfermeiro.com.br\/index.php\/wp-json\/wp\/v2\/users\/6"}],"replies":[{"embeddable":true,"href":"https:\/\/sindenfermeiro.com.br\/index.php\/wp-json\/wp\/v2\/comments?post=5838"}],"version-history":[{"count":1,"href":"https:\/\/sindenfermeiro.com.br\/index.php\/wp-json\/wp\/v2\/posts\/5838\/revisions"}],"predecessor-version":[{"id":29423,"href":"https:\/\/sindenfermeiro.com.br\/index.php\/wp-json\/wp\/v2\/posts\/5838\/revisions\/29423"}],"wp:featuredmedia":[{"embeddable":true,"href":"https:\/\/sindenfermeiro.com.br\/index.php\/wp-json\/"}],"wp:attachment":[{"href":"https:\/\/sindenfermeiro.com.br\/index.php\/wp-json\/wp\/v2\/media?parent=5838"}],"wp:term":[{"taxonomy":"category","embeddable":true,"href":"https:\/\/sindenfermeiro.com.br\/index.php\/wp-json\/wp\/v2\/categories?post=5838"},{"taxonomy":"post_tag","embeddable":true,"href":"https:\/\/sindenfermeiro.com.br\/index.php\/wp-json\/wp\/v2\/tags?post=5838"}],"curies":[{"name":"wp","href":"https:\/\/api.w.org\/{rel}","templated":true}]}}