{"id":5813,"date":"2019-02-19T17:28:24","date_gmt":"2019-02-19T17:28:24","guid":{"rendered":"http:\/\/www.sindenfermeiro.com.br\/?p=5813"},"modified":"2026-05-01T07:29:23","modified_gmt":"2026-05-01T10:29:23","slug":"seminario-violencia-enfrentamento-e-superacao","status":"publish","type":"post","link":"https:\/\/sindenfermeiro.com.br\/index.php\/2019\/02\/19\/seminario-violencia-enfrentamento-e-superacao\/","title":{"rendered":"Semin\u00e1rio &#8211; Viol\u00eancia: enfrentamento e supera\u00e7\u00e3o"},"content":{"rendered":"<p><img loading=\"lazy\" decoding=\"async\" class=\" wp-image-5814 aligncenter\" src=\"http:\/\/www.sindenfermeiro.com.br\/wp-content\/uploads\/2019\/02\/WhatsApp-Image-2019-02-19-at-14.16.48-636x900.jpeg\" alt=\"\" width=\"313\" height=\"443\" \/><\/p>\n<p>No Brasil \u00e9 comum relatos de ass\u00e9dio e abuso contra profissionais e pacientes, no Distrito Federal essa realidade n\u00e3o \u00e9 diferente.<br \/>\nDiante disso situa\u00e7\u00e3o, o SindEnfermeiro-DF realizar\u00e1 um semin\u00e1rio que tratar\u00e1 do assunto. \u201cViol\u00eancia: enfrentamento e supera\u00e7\u00e3o\u201d \u00e9 o nome do evento que acontecer\u00e1 no dia 16 de mar\u00e7o (s\u00e1bado), a partir das 09 da manh\u00e3, na sede do sindicato.<br \/>\nO semin\u00e1rio \u00e9 gratuito e direcionado a estudantes e profissionais de sa\u00fade. A nossa maior defesa \u00e9 a informa\u00e7\u00e3o. Ajude-nos a construir uma sociedade sem viol\u00eancia e sem ass\u00e9dio.<\/p>\n<p><strong>SERVI\u00c7O:<\/strong><br \/>\n<strong>Semin\u00e1rio \u2013 \u201cViol\u00eancia: enfrentamento e supera\u00e7\u00e3o\u201d<\/strong><\/p>\n<p>&#x23f0;<strong>Qual a data e hor\u00e1rio?<\/strong> 16 de mar\u00e7o (s\u00e1bado), a partir das 09h.<\/p>\n<p>&#x260e;<strong>Como se inscrever?<\/strong> \u00c9 s\u00f3 ligar no telefone (61) 3273-0307.<\/p>\n<p>&#x1f4cd;<strong>Local semin\u00e1rio?<\/strong> Sede do SindEnfermeiro, SCRLN 714, Bloco H, Loja 2, Asa Norte.<\/p>\n","protected":false},"excerpt":{"rendered":"<p>No Brasil \u00e9 comum relatos de ass\u00e9dio e abuso contra profissionais e pacientes, no Distrito Federal essa realidade n\u00e3o \u00e9 diferente. Diante disso situa\u00e7\u00e3o, o SindEnfermeiro-DF realizar\u00e1 um semin\u00e1rio que tratar\u00e1 do assunto. \u201cViol\u00eancia: enfrentamento e supera\u00e7\u00e3o\u201d \u00e9 o nome do evento que acontecer\u00e1 no dia 16 de mar\u00e7o (s\u00e1bado), a partir das 09 da [&hellip;]<\/p>\n","protected":false},"author":6,"featured_media":5814,"comment_status":"closed","ping_status":"closed","sticky":false,"template":"","format":"standard","meta":{"footnotes":""},"categories":[14,13,5],"tags":[7,99,166,176,21,44,177,22,172],"class_list":["post-5813","post","type-post","status-publish","format-standard","has-post-thumbnail","hentry","category-midia","category-rede-privada","category-rede-publica","tag-enfermagem","tag-enfermagem-df","tag-enfermagemdf","tag-estudantes-de-enfermagem","tag-sindenfermeiro","tag-sindenfermeiro-df","tag-sindicato-dos-enfermei","tag-sindicato-dos-enfermeiros","tag-sindicato-dos-enfermeiros-do-distrito-federal"],"_links":{"self":[{"href":"https:\/\/sindenfermeiro.com.br\/index.php\/wp-json\/wp\/v2\/posts\/5813","targetHints":{"allow":["GET"]}}],"collection":[{"href":"https:\/\/sindenfermeiro.com.br\/index.php\/wp-json\/wp\/v2\/posts"}],"about":[{"href":"https:\/\/sindenfermeiro.com.br\/index.php\/wp-json\/wp\/v2\/types\/post"}],"author":[{"embeddable":true,"href":"https:\/\/sindenfermeiro.com.br\/index.php\/wp-json\/wp\/v2\/users\/6"}],"replies":[{"embeddable":true,"href":"https:\/\/sindenfermeiro.com.br\/index.php\/wp-json\/wp\/v2\/comments?post=5813"}],"version-history":[{"count":1,"href":"https:\/\/sindenfermeiro.com.br\/index.php\/wp-json\/wp\/v2\/posts\/5813\/revisions"}],"predecessor-version":[{"id":30386,"href":"https:\/\/sindenfermeiro.com.br\/index.php\/wp-json\/wp\/v2\/posts\/5813\/revisions\/30386"}],"wp:featuredmedia":[{"embeddable":true,"href":"https:\/\/sindenfermeiro.com.br\/index.php\/wp-json\/"}],"wp:attachment":[{"href":"https:\/\/sindenfermeiro.com.br\/index.php\/wp-json\/wp\/v2\/media?parent=5813"}],"wp:term":[{"taxonomy":"category","embeddable":true,"href":"https:\/\/sindenfermeiro.com.br\/index.php\/wp-json\/wp\/v2\/categories?post=5813"},{"taxonomy":"post_tag","embeddable":true,"href":"https:\/\/sindenfermeiro.com.br\/index.php\/wp-json\/wp\/v2\/tags?post=5813"}],"curies":[{"name":"wp","href":"https:\/\/api.w.org\/{rel}","templated":true}]}}