{"id":5805,"date":"2019-02-18T19:26:38","date_gmt":"2019-02-18T19:26:38","guid":{"rendered":"http:\/\/www.sindenfermeiro.com.br\/?p=5805"},"modified":"2026-04-26T16:19:21","modified_gmt":"2026-04-26T19:19:21","slug":"aposentados-e-pensionistas-do-gdf-deverao-fazer-prova-de-vida-anualmente-2","status":"publish","type":"post","link":"https:\/\/sindenfermeiro.com.br\/index.php\/2019\/02\/18\/aposentados-e-pensionistas-do-gdf-deverao-fazer-prova-de-vida-anualmente-2\/","title":{"rendered":"Aposentados e pensionistas do GDF dever\u00e3o fazer prova de vida anualmente"},"content":{"rendered":"<p><img loading=\"lazy\" decoding=\"async\" class=\" wp-image-5810 aligncenter\" src=\"http:\/\/www.sindenfermeiro.com.br\/wp-content\/uploads\/2019\/02\/WhatsApp-Image-2018-11-20-at-14.12.07-900x900.jpeg\" alt=\"\" width=\"521\" height=\"521\" \/><\/p>\n<p><img loading=\"lazy\" decoding=\"async\" class=\" wp-image-5808 aligncenter\" src=\"http:\/\/www.sindenfermeiro.com.br\/wp-content\/uploads\/2019\/02\/WhatsApp-Image-2018-11-20-at-14.12.07-1-900x900.jpeg\" alt=\"\" width=\"532\" height=\"532\" \/><\/p>\n<p><img loading=\"lazy\" decoding=\"async\" class=\"wp-image-5809 aligncenter\" src=\"http:\/\/www.sindenfermeiro.com.br\/wp-content\/uploads\/2019\/02\/WhatsApp-Image-2018-11-20-at-14.12.07-2-900x900.jpeg\" alt=\"\" width=\"529\" height=\"529\" \/><\/p>\n<p>Aposentados e pensionistas que recebem benef\u00edcio pago pelo Instituto de Previd\u00eancia dos Servidores do DF (Iprev-DF), dever\u00e3o fazer recadastramento e a comprova\u00e7\u00e3o de vida todos anos, a partir de janeiro de 2019, no m\u00eas do anivers\u00e1rio do benefici\u00e1rio.<\/p>\n<p>A decis\u00e3o consta da portaria N\u00ba 199\/2018, publicada em setembro. A portaria determina tamb\u00e9m, que a \u201cprova de vida\u201d ser\u00e1 necess\u00e1ria para que o benef\u00edcio continue sendo pago. A comprova\u00e7\u00e3o dever\u00e1 ser realizada nas ag\u00eancias do Banco de Bras\u00edlia (BRB), de segunda a sexta-feira, no hor\u00e1rio de expediente banc\u00e1rio.<\/p>\n<p>Quem mora fora do Distrito Federal, dever\u00e1 encaminhar ao Iprev-DF c\u00f3pias autenticadas em cart\u00f3rio do documento de identifica\u00e7\u00e3o com foto, CPF, comprovante de resid\u00eancia atualizado, PASEP\/PIS\/NIT e declara\u00e7\u00e3o de vida, resid\u00eancia e estado civil emitida em cart\u00f3rio. A documenta\u00e7\u00e3o deve ser expedida no m\u00eas da realiza\u00e7\u00e3o da prova de vida e enviada por correio. O Iprev-DF fica localizado no Setor Comercial Sul Quadra 09, Torre B, 1\u00ba andar, Edif\u00edcio Parque Cidade Corporate, Asa Sul, Bras\u00edlia\/DF &#8211; CEP: 70308-200.<\/p>\n","protected":false},"excerpt":{"rendered":"<p>Aposentados e pensionistas que recebem benef\u00edcio pago pelo Instituto de Previd\u00eancia dos Servidores do DF (Iprev-DF), dever\u00e3o fazer recadastramento e a comprova\u00e7\u00e3o de vida todos anos, a partir de janeiro de 2019, no m\u00eas do anivers\u00e1rio do benefici\u00e1rio. A decis\u00e3o consta da portaria N\u00ba 199\/2018, publicada em setembro. A portaria determina tamb\u00e9m, que a \u201cprova [&hellip;]<\/p>\n","protected":false},"author":6,"featured_media":5808,"comment_status":"closed","ping_status":"closed","sticky":false,"template":"","format":"standard","meta":{"footnotes":""},"categories":[6,5],"tags":[71,7,166,174,175],"class_list":["post-5805","post","type-post","status-publish","format-standard","has-post-thumbnail","hentry","category-noticias","category-rede-publica","tag-aposentados","tag-enfermagem","tag-enfermagemdf","tag-iprev","tag-recadastramento"],"_links":{"self":[{"href":"https:\/\/sindenfermeiro.com.br\/index.php\/wp-json\/wp\/v2\/posts\/5805","targetHints":{"allow":["GET"]}}],"collection":[{"href":"https:\/\/sindenfermeiro.com.br\/index.php\/wp-json\/wp\/v2\/posts"}],"about":[{"href":"https:\/\/sindenfermeiro.com.br\/index.php\/wp-json\/wp\/v2\/types\/post"}],"author":[{"embeddable":true,"href":"https:\/\/sindenfermeiro.com.br\/index.php\/wp-json\/wp\/v2\/users\/6"}],"replies":[{"embeddable":true,"href":"https:\/\/sindenfermeiro.com.br\/index.php\/wp-json\/wp\/v2\/comments?post=5805"}],"version-history":[{"count":1,"href":"https:\/\/sindenfermeiro.com.br\/index.php\/wp-json\/wp\/v2\/posts\/5805\/revisions"}],"predecessor-version":[{"id":29454,"href":"https:\/\/sindenfermeiro.com.br\/index.php\/wp-json\/wp\/v2\/posts\/5805\/revisions\/29454"}],"wp:featuredmedia":[{"embeddable":true,"href":"https:\/\/sindenfermeiro.com.br\/index.php\/wp-json\/"}],"wp:attachment":[{"href":"https:\/\/sindenfermeiro.com.br\/index.php\/wp-json\/wp\/v2\/media?parent=5805"}],"wp:term":[{"taxonomy":"category","embeddable":true,"href":"https:\/\/sindenfermeiro.com.br\/index.php\/wp-json\/wp\/v2\/categories?post=5805"},{"taxonomy":"post_tag","embeddable":true,"href":"https:\/\/sindenfermeiro.com.br\/index.php\/wp-json\/wp\/v2\/tags?post=5805"}],"curies":[{"name":"wp","href":"https:\/\/api.w.org\/{rel}","templated":true}]}}