{"id":5782,"date":"2019-02-15T16:57:36","date_gmt":"2019-02-15T16:57:36","guid":{"rendered":"http:\/\/www.sindenfermeiro.com.br\/?p=5782"},"modified":"2026-04-26T14:21:05","modified_gmt":"2026-04-26T17:21:05","slug":"sindenfermeiro-participa-da-comissao-dos-96-anos-da-previdencia-social","status":"publish","type":"post","link":"https:\/\/sindenfermeiro.com.br\/index.php\/2019\/02\/15\/sindenfermeiro-participa-da-comissao-dos-96-anos-da-previdencia-social\/","title":{"rendered":"SindEnfermeiro participa da Comiss\u00e3o dos 96 anos da Previd\u00eancia Social"},"content":{"rendered":"<style type=\"text\/css\">\n#foogallery-gallery-5783 .fg-image { width: 640px; }<\/style>\n\t\t\t<div class=\"foogallery foogallery-container foogallery-image-viewer foogallery-link-image foogallery-lightbox-none fg-center fg-image-viewer fg-ready fg-light fg-border-thin fg-shadow-outline fg-loading-default fg-loaded-fade-in fg-caption-hover fg-hover-fade fg-hover-zoom\" id=\"foogallery-gallery-5783\" data-foogallery=\"{&quot;item&quot;:{&quot;showCaptionTitle&quot;:true,&quot;showCaptionDescription&quot;:true},&quot;lazy&quot;:true,&quot;template&quot;:{&quot;loop&quot;:true}}\" style=\"--fg-title-line-clamp: 0; --fg-description-line-clamp: 0;\" >\n\t<div class=\"fiv-inner\">\n\t\t<div class=\"fiv-inner-container\">\n\t\t\t\t\t<\/div>\n\t\t<div class=\"fiv-ctrls\">\n\t\t\t<button type=\"button\" class=\"fiv-prev\" title=\"Prev\"><span>Prev<\/span><\/button>\n\t\t\t<label class=\"fiv-count\"><span class=\"fiv-count-current\">1<\/span>of<span class=\"fiv-count-total\">10<\/span><\/label>\n\t\t\t<button type=\"button\" class=\"fiv-next\" title=\"Next\"><span>Next<\/span><\/button>\n\t\t<\/div>\n\t<\/div>\n<\/div>\n<p>A presidente do SindEnfermeiro-DF, Dayse Amar\u00edlio, e o diretor executivo, Tarc\u00edsio Faria, estiveram presentes na \u00faltima quarta (14), na Comiss\u00e3o que debateu sobre os 96 Anos da Previd\u00eancia Social. O encontro ocorreu na C\u00e2mara Legislativa do Distrito Federal, e foi presidido pelo deputado distrital Chico Vigilante (PT-DF).<\/p>\n<p>Durante a audi\u00eancia, foram abordados pontos como a reforma previdenci\u00e1ria proposta pelo atual governo e os impactos da sua ado\u00e7\u00e3o nas camadas mais desfavorecidas da popula\u00e7\u00e3o \u2013 al\u00e9m de trazer uma reflex\u00e3o sobre a Previd\u00eancia Social como um instrumento efetivo de distribui\u00e7\u00e3o de renda.<\/p>\n<p>A mesa diretora tamb\u00e9m contou com a presen\u00e7a da deputada federal \u00c9rika Kokay (PT-DF), al\u00e9m do ex-ministro da Previd\u00eancia, Carlos Eduardo Gabas, e o Desembargador Regional do Trabalho da 10\u00aa Regi\u00e3o, Grijalbo Fernandes Coutinho.<\/p>\n<p>O SindEnfermeiro demonstra preocupa\u00e7\u00e3o com os desdobramentos da reforma \u2013 que em breve ser\u00e1 levada a plen\u00e1rio na C\u00e2mara dos Deputados, e convoca a participa\u00e7\u00e3o de todos os enfermeiros para acompanhar e participar das discuss\u00f5es sobre o tema.<\/p>\n","protected":false},"excerpt":{"rendered":"<p>A presidente do SindEnfermeiro-DF, Dayse Amar\u00edlio, e o diretor executivo, Tarc\u00edsio Faria, estiveram presentes na \u00faltima quarta (14), na Comiss\u00e3o que debateu sobre os 96 Anos da Previd\u00eancia Social. O encontro ocorreu na C\u00e2mara Legislativa do Distrito Federal, e foi presidido pelo deputado distrital Chico Vigilante (PT-DF). Durante a audi\u00eancia, foram abordados pontos como a [&hellip;]<\/p>\n","protected":false},"author":6,"featured_media":5790,"comment_status":"closed","ping_status":"closed","sticky":false,"template":"","format":"standard","meta":{"footnotes":""},"categories":[6,13,5],"tags":[34,173,21,44],"class_list":["post-5782","post","type-post","status-publish","format-standard","has-post-thumbnail","hentry","category-noticias","category-rede-privada","category-rede-publica","tag-cldf","tag-reforma-da-previdencia","tag-sindenfermeiro","tag-sindenfermeiro-df"],"_links":{"self":[{"href":"https:\/\/sindenfermeiro.com.br\/index.php\/wp-json\/wp\/v2\/posts\/5782","targetHints":{"allow":["GET"]}}],"collection":[{"href":"https:\/\/sindenfermeiro.com.br\/index.php\/wp-json\/wp\/v2\/posts"}],"about":[{"href":"https:\/\/sindenfermeiro.com.br\/index.php\/wp-json\/wp\/v2\/types\/post"}],"author":[{"embeddable":true,"href":"https:\/\/sindenfermeiro.com.br\/index.php\/wp-json\/wp\/v2\/users\/6"}],"replies":[{"embeddable":true,"href":"https:\/\/sindenfermeiro.com.br\/index.php\/wp-json\/wp\/v2\/comments?post=5782"}],"version-history":[{"count":1,"href":"https:\/\/sindenfermeiro.com.br\/index.php\/wp-json\/wp\/v2\/posts\/5782\/revisions"}],"predecessor-version":[{"id":37025,"href":"https:\/\/sindenfermeiro.com.br\/index.php\/wp-json\/wp\/v2\/posts\/5782\/revisions\/37025"}],"wp:featuredmedia":[{"embeddable":true,"href":"https:\/\/sindenfermeiro.com.br\/index.php\/wp-json\/"}],"wp:attachment":[{"href":"https:\/\/sindenfermeiro.com.br\/index.php\/wp-json\/wp\/v2\/media?parent=5782"}],"wp:term":[{"taxonomy":"category","embeddable":true,"href":"https:\/\/sindenfermeiro.com.br\/index.php\/wp-json\/wp\/v2\/categories?post=5782"},{"taxonomy":"post_tag","embeddable":true,"href":"https:\/\/sindenfermeiro.com.br\/index.php\/wp-json\/wp\/v2\/tags?post=5782"}],"curies":[{"name":"wp","href":"https:\/\/api.w.org\/{rel}","templated":true}]}}