{"id":5658,"date":"2019-02-08T14:35:57","date_gmt":"2019-02-08T14:35:57","guid":{"rendered":"http:\/\/www.sindenfermeiro.com.br\/?p=5658"},"modified":"2026-04-26T14:20:28","modified_gmt":"2026-04-26T17:20:28","slug":"reuniao-ampliada-de-defesa-do-sus","status":"publish","type":"post","link":"https:\/\/sindenfermeiro.com.br\/index.php\/2019\/02\/08\/reuniao-ampliada-de-defesa-do-sus\/","title":{"rendered":"Reuni\u00e3o Ampliada de defesa do SUS"},"content":{"rendered":"<p>O Sistema \u00danico de Sa\u00fade (SUS) pertence a todos n\u00f3s. Lutar por uma sa\u00fade p\u00fablica de qualidade, gratuita, com investimento e sem retrocessos \u00e9 um esfor\u00e7o conjunto. Pensando nessas e em outras quest\u00f5es, o SindEnfermeiro-DF convida toda a categoria para que PENSEMOS JUNTOS, como defender e garantir um SUS de qualidade.<\/p>\n<p>&#x1f4cc; &#8220;SUS &#8211; meu, seu, nosso!&#8221; &#x1f4cc;<\/p>\n<p>SERVI\u00c7O:<\/p>\n<p>&#x1f5d3; &#x1f55c;Qual a data e hor\u00e1rio? 20 de fevereiro, a partir das 09h30.<br \/>\n&#x1f3e2;Local da reuni\u00e3o? Sede do SindEnfermeiro, SCRLN 714, Bloco H, Loja 2, Asa Norte.<\/p>\n<p><img loading=\"lazy\" decoding=\"async\" class=\"alignleft size-full wp-image-5659\" src=\"http:\/\/www.sindenfermeiro.com.br\/wp-content\/uploads\/2019\/02\/Cartaz-Reuni\u00e3o-Ampliada-2.jpg\" alt=\"\" width=\"3508\" height=\"4961\" \/><\/p>\n","protected":false},"excerpt":{"rendered":"<p>O Sistema \u00danico de Sa\u00fade (SUS) pertence a todos n\u00f3s. Lutar por uma sa\u00fade p\u00fablica de qualidade, gratuita, com investimento e sem retrocessos \u00e9 um esfor\u00e7o conjunto. Pensando nessas e em outras quest\u00f5es, o SindEnfermeiro-DF convida toda a categoria para que PENSEMOS JUNTOS, como defender e garantir um SUS de qualidade. &#x1f4cc; &#8220;SUS &#8211; meu, [&hellip;]<\/p>\n","protected":false},"author":6,"featured_media":5660,"comment_status":"closed","ping_status":"closed","sticky":false,"template":"","format":"standard","meta":{"footnotes":""},"categories":[6,13,5],"tags":[162,59,84,7,54,163,103,43,164,56,165],"class_list":["post-5658","post","type-post","status-publish","format-standard","has-post-thumbnail","hentry","category-noticias","category-rede-privada","category-rede-publica","tag-asa-norte","tag-brasilia","tag-df","tag-enfermagem","tag-enfermeiros","tag-estrategia","tag-reuniao","tag-saude","tag-sede","tag-sindicato","tag-sus"],"_links":{"self":[{"href":"https:\/\/sindenfermeiro.com.br\/index.php\/wp-json\/wp\/v2\/posts\/5658","targetHints":{"allow":["GET"]}}],"collection":[{"href":"https:\/\/sindenfermeiro.com.br\/index.php\/wp-json\/wp\/v2\/posts"}],"about":[{"href":"https:\/\/sindenfermeiro.com.br\/index.php\/wp-json\/wp\/v2\/types\/post"}],"author":[{"embeddable":true,"href":"https:\/\/sindenfermeiro.com.br\/index.php\/wp-json\/wp\/v2\/users\/6"}],"replies":[{"embeddable":true,"href":"https:\/\/sindenfermeiro.com.br\/index.php\/wp-json\/wp\/v2\/comments?post=5658"}],"version-history":[{"count":1,"href":"https:\/\/sindenfermeiro.com.br\/index.php\/wp-json\/wp\/v2\/posts\/5658\/revisions"}],"predecessor-version":[{"id":36775,"href":"https:\/\/sindenfermeiro.com.br\/index.php\/wp-json\/wp\/v2\/posts\/5658\/revisions\/36775"}],"wp:featuredmedia":[{"embeddable":true,"href":"https:\/\/sindenfermeiro.com.br\/index.php\/wp-json\/"}],"wp:attachment":[{"href":"https:\/\/sindenfermeiro.com.br\/index.php\/wp-json\/wp\/v2\/media?parent=5658"}],"wp:term":[{"taxonomy":"category","embeddable":true,"href":"https:\/\/sindenfermeiro.com.br\/index.php\/wp-json\/wp\/v2\/categories?post=5658"},{"taxonomy":"post_tag","embeddable":true,"href":"https:\/\/sindenfermeiro.com.br\/index.php\/wp-json\/wp\/v2\/tags?post=5658"}],"curies":[{"name":"wp","href":"https:\/\/api.w.org\/{rel}","templated":true}]}}