{"id":5633,"date":"2019-02-07T17:38:03","date_gmt":"2019-02-07T17:38:03","guid":{"rendered":"http:\/\/www.sindenfermeiro.com.br\/?p=5633"},"modified":"2026-04-26T16:09:18","modified_gmt":"2026-04-26T19:09:18","slug":"sindenfermeiro-se-reune-com-diretor-do-ihbdf-para-tirar-duvidas-de-servidores","status":"publish","type":"post","link":"https:\/\/sindenfermeiro.com.br\/index.php\/2019\/02\/07\/sindenfermeiro-se-reune-com-diretor-do-ihbdf-para-tirar-duvidas-de-servidores\/","title":{"rendered":"SindEnfermeiro se re\u00fane com diretor do IHBDF para tirar d\u00favidas de servidores"},"content":{"rendered":"<style type=\"text\/css\">\n#foogallery-gallery-5635 .fg-image { width: 640px; }<\/style>\n\t\t\t<div class=\"foogallery foogallery-container foogallery-image-viewer foogallery-link-image foogallery-lightbox-none fg-center fg-image-viewer fg-ready fg-light fg-border-thin fg-shadow-outline fg-loading-default fg-loaded-fade-in fg-caption-hover fg-hover-fade fg-hover-zoom\" id=\"foogallery-gallery-5635\" data-foogallery=\"{&quot;item&quot;:{&quot;showCaptionTitle&quot;:true,&quot;showCaptionDescription&quot;:true},&quot;lazy&quot;:true,&quot;template&quot;:{&quot;loop&quot;:true}}\" style=\"--fg-title-line-clamp: 0; --fg-description-line-clamp: 0;\" >\n\t<div class=\"fiv-inner\">\n\t\t<div class=\"fiv-inner-container\">\n\t\t\t\t\t<\/div>\n\t\t<div class=\"fiv-ctrls\">\n\t\t\t<button type=\"button\" class=\"fiv-prev\" title=\"Prev\"><span>Prev<\/span><\/button>\n\t\t\t<label class=\"fiv-count\"><span class=\"fiv-count-current\">1<\/span>of<span class=\"fiv-count-total\">20<\/span><\/label>\n\t\t\t<button type=\"button\" class=\"fiv-next\" title=\"Next\"><span>Next<\/span><\/button>\n\t\t<\/div>\n\t<\/div>\n<\/div>\n<p>Na tarde da \u00faltima quarta-feira (06), os diretores executivos do SindEnfermeiro, Tarcisio Faria e M\u00e1rcio da Mata, estiveram reunidos com a dire\u00e7\u00e3o do Instituto Hospital de Base (IHBDF) para entender como funcionar\u00e1 o modelo de gest\u00e3o que ser\u00e1 implantado no Hospital Regional de Santa Maria (HRSM) e nas Unidades de Pronto Atendimento (UPAs).<\/p>\n<p>Durante a reuni\u00e3o, os diretores questionaram ao novo diretor do IHBDF, Francisco Ara\u00fajo, como ficar\u00e1 a situa\u00e7\u00e3o dos servidores dessas unidades de sa\u00fade, j\u00e1 que em 2018, servidores do Instituto Hospital de Base foram removidos de forma indevida. Francisco garantiu que os servidores n\u00e3o ser\u00e3o removidos de seus pontos de trabalho, a n\u00e3o ser que os pr\u00f3prios trabalhadores solicitem a mudan\u00e7a.<\/p>\n<p>Francisco afirmou tamb\u00e9m que a inten\u00e7\u00e3o \u00e9 n\u00e3o cometer os mesmos erros do IHBDF no HRSM. Al\u00e9m disso, o diretor prometeu total transpar\u00eancia no processo de transi\u00e7\u00e3o. Ficou acordado tamb\u00e9m, que os servidores de carreira ter\u00e3o prioridade, n\u00e3o ocorrer\u00e1 remo\u00e7\u00f5es arbitr\u00e1rias e a manuten\u00e7\u00e3o da carga hor\u00e1ria de 40hrs de acordo com as especialidades.<\/p>\n<p>O SindEnfermeiro far\u00e1 uma reuni\u00e3o no audit\u00f3rio do HRSM, nessa sexta-feira (08), a partir das 10 da manh\u00e3, para tirar d\u00favidas sobre a implanta\u00e7\u00e3o do modelo de gest\u00e3o do Instituto Hospital de Base em Santa Maria e sobre o que foi tratado durante o encontro com o diretor do IHBDF.<\/p>\n","protected":false},"excerpt":{"rendered":"<p>Na tarde da \u00faltima quarta-feira (06), os diretores executivos do SindEnfermeiro, Tarcisio Faria e M\u00e1rcio da Mata, estiveram reunidos com a dire\u00e7\u00e3o do Instituto Hospital de Base (IHBDF) para entender como funcionar\u00e1 o modelo de gest\u00e3o que ser\u00e1 implantado no Hospital Regional de Santa Maria (HRSM) e nas Unidades de Pronto Atendimento (UPAs). Durante a [&hellip;]<\/p>\n","protected":false},"author":6,"featured_media":5638,"comment_status":"closed","ping_status":"closed","sticky":false,"template":"","format":"standard","meta":{"footnotes":""},"categories":[6,5],"tags":[99,58,161,12,131],"class_list":["post-5633","post","type-post","status-publish","format-standard","has-post-thumbnail","hentry","category-noticias","category-rede-publica","tag-enfermagem-df","tag-ihbdf","tag-instituto-hospital-de-base","tag-sindenfemeirodf","tag-sindenfermeirodf"],"_links":{"self":[{"href":"https:\/\/sindenfermeiro.com.br\/index.php\/wp-json\/wp\/v2\/posts\/5633","targetHints":{"allow":["GET"]}}],"collection":[{"href":"https:\/\/sindenfermeiro.com.br\/index.php\/wp-json\/wp\/v2\/posts"}],"about":[{"href":"https:\/\/sindenfermeiro.com.br\/index.php\/wp-json\/wp\/v2\/types\/post"}],"author":[{"embeddable":true,"href":"https:\/\/sindenfermeiro.com.br\/index.php\/wp-json\/wp\/v2\/users\/6"}],"replies":[{"embeddable":true,"href":"https:\/\/sindenfermeiro.com.br\/index.php\/wp-json\/wp\/v2\/comments?post=5633"}],"version-history":[{"count":1,"href":"https:\/\/sindenfermeiro.com.br\/index.php\/wp-json\/wp\/v2\/posts\/5633\/revisions"}],"predecessor-version":[{"id":25503,"href":"https:\/\/sindenfermeiro.com.br\/index.php\/wp-json\/wp\/v2\/posts\/5633\/revisions\/25503"}],"wp:featuredmedia":[{"embeddable":true,"href":"https:\/\/sindenfermeiro.com.br\/index.php\/wp-json\/"}],"wp:attachment":[{"href":"https:\/\/sindenfermeiro.com.br\/index.php\/wp-json\/wp\/v2\/media?parent=5633"}],"wp:term":[{"taxonomy":"category","embeddable":true,"href":"https:\/\/sindenfermeiro.com.br\/index.php\/wp-json\/wp\/v2\/categories?post=5633"},{"taxonomy":"post_tag","embeddable":true,"href":"https:\/\/sindenfermeiro.com.br\/index.php\/wp-json\/wp\/v2\/tags?post=5633"}],"curies":[{"name":"wp","href":"https:\/\/api.w.org\/{rel}","templated":true}]}}