{"id":5580,"date":"2019-01-31T13:31:14","date_gmt":"2019-01-31T13:31:14","guid":{"rendered":"http:\/\/www.sindenfermeiro.com.br\/?p=5580"},"modified":"2026-04-26T16:04:06","modified_gmt":"2026-04-26T19:04:06","slug":"nota-de-esclarecimento-pl-da-extincao","status":"publish","type":"post","link":"https:\/\/sindenfermeiro.com.br\/index.php\/2019\/01\/31\/nota-de-esclarecimento-pl-da-extincao\/","title":{"rendered":"NOTA DE ESCLARECIMENTO: \u201cPL da extin\u00e7\u00e3o\u201d"},"content":{"rendered":"<p><img loading=\"lazy\" decoding=\"async\" class=\" wp-image-5581 aligncenter\" src=\"http:\/\/www.sindenfermeiro.com.br\/wp-content\/uploads\/2019\/01\/WhatsApp-Image-2019-01-31-at-11.22.25-900x771.jpeg\" alt=\"\" width=\"328\" height=\"281\" \/><\/p>\n<p style=\"text-align: justify\">O Sindicato dos Enfermeiros do Distrito Federal (SindEnfermeiro-DF) vem acompanhando de perto e desde o in\u00edcio a propositura, tramita\u00e7\u00e3o e negocia\u00e7\u00f5es referentes ao Projeto de Lei 01\/2019 \u2013 \u201cPL da extin\u00e7\u00e3o\u201d, que estende o modelo de gest\u00e3o do Instituto Hospital de Base para outras unidades da Secretaria de Sa\u00fade do Distrito Federal (SES-DF).<\/p>\n<p style=\"text-align: justify\">O Minist\u00e9rio P\u00fablico do Trabalho (MPT), o Minist\u00e9rio P\u00fablico Federal (MPF) e o Minist\u00e9rio P\u00fablico de Contas do DF (MPCDF) j\u00e1 se manifestaram pela rejei\u00e7\u00e3o integral do texto inicial do governo diante das irregularidades, inconstitucionalidades e inconsist\u00eancias do projeto.<\/p>\n<p style=\"text-align: justify\">O Projeto foi aprovado pela C\u00e2mara Legislativa do Distrito Federal (CLDF) na \u00faltima quinta-feira (24) com previs\u00e3o de amplia\u00e7\u00e3o do formato de gest\u00e3o para as seis Unidades de Pronto Atendimento (UPAs) e para o Hospital Regional de Santa Maria.<\/p>\n<p style=\"text-align: justify\">O SindEnfermeiro informa \u00e0 categoria que permanece acompanhando a tramita\u00e7\u00e3o, bem como est\u00e1 tomando todas as provid\u00eancias cab\u00edveis, judiciais e extrajudiciais, para que o PL, j\u00e1 aprovado, seja discutido no que diz respeito \u00e0 sua legalidade de tramita\u00e7\u00e3o e previs\u00f5es, bem como, seja devidamente ajustado de forma a n\u00e3o gerar preju\u00edzos aos servidores da SES-DF e \u00e0 popula\u00e7\u00e3o do Distrito Federal no que diz respeito \u00e0 presta\u00e7\u00e3o dos servi\u00e7os de sa\u00fade.<\/p>\n<p style=\"text-align: justify\"><strong>Estamos participando de forma cont\u00ednua de reuni\u00f5es internas e externas com as demais entidades representativas das categorias da sa\u00fade e \u00f3rg\u00e3os\u00a0 de controle como a Ordem dos Advogados do Brasil (OAB-DF) e o Minist\u00e9rio P\u00fablico (MP), para defini\u00e7\u00e3o de estrat\u00e9gias individuais e conjuntas buscando a garantia e efic\u00e1cia dos direitos dos servidores e dos servi\u00e7os de sa\u00fade prestados \u00e0 popula\u00e7\u00e3o.<\/strong><\/p>\n","protected":false},"excerpt":{"rendered":"<p>O Sindicato dos Enfermeiros do Distrito Federal (SindEnfermeiro-DF) vem acompanhando de perto e desde o in\u00edcio a propositura, tramita\u00e7\u00e3o e negocia\u00e7\u00f5es referentes ao Projeto de Lei 01\/2019 \u2013 \u201cPL da extin\u00e7\u00e3o\u201d, que estende o modelo de gest\u00e3o do Instituto Hospital de Base para outras unidades da Secretaria de Sa\u00fade do Distrito Federal (SES-DF). O Minist\u00e9rio [&hellip;]<\/p>\n","protected":false},"author":6,"featured_media":5581,"comment_status":"closed","ping_status":"closed","sticky":false,"template":"","format":"standard","meta":{"footnotes":""},"categories":[6,5],"tags":[],"class_list":["post-5580","post","type-post","status-publish","format-standard","has-post-thumbnail","hentry","category-noticias","category-rede-publica"],"_links":{"self":[{"href":"https:\/\/sindenfermeiro.com.br\/index.php\/wp-json\/wp\/v2\/posts\/5580","targetHints":{"allow":["GET"]}}],"collection":[{"href":"https:\/\/sindenfermeiro.com.br\/index.php\/wp-json\/wp\/v2\/posts"}],"about":[{"href":"https:\/\/sindenfermeiro.com.br\/index.php\/wp-json\/wp\/v2\/types\/post"}],"author":[{"embeddable":true,"href":"https:\/\/sindenfermeiro.com.br\/index.php\/wp-json\/wp\/v2\/users\/6"}],"replies":[{"embeddable":true,"href":"https:\/\/sindenfermeiro.com.br\/index.php\/wp-json\/wp\/v2\/comments?post=5580"}],"version-history":[{"count":1,"href":"https:\/\/sindenfermeiro.com.br\/index.php\/wp-json\/wp\/v2\/posts\/5580\/revisions"}],"predecessor-version":[{"id":36816,"href":"https:\/\/sindenfermeiro.com.br\/index.php\/wp-json\/wp\/v2\/posts\/5580\/revisions\/36816"}],"wp:featuredmedia":[{"embeddable":true,"href":"https:\/\/sindenfermeiro.com.br\/index.php\/wp-json\/"}],"wp:attachment":[{"href":"https:\/\/sindenfermeiro.com.br\/index.php\/wp-json\/wp\/v2\/media?parent=5580"}],"wp:term":[{"taxonomy":"category","embeddable":true,"href":"https:\/\/sindenfermeiro.com.br\/index.php\/wp-json\/wp\/v2\/categories?post=5580"},{"taxonomy":"post_tag","embeddable":true,"href":"https:\/\/sindenfermeiro.com.br\/index.php\/wp-json\/wp\/v2\/tags?post=5580"}],"curies":[{"name":"wp","href":"https:\/\/api.w.org\/{rel}","templated":true}]}}