{"id":5573,"date":"2019-01-30T13:57:16","date_gmt":"2019-01-30T13:57:16","guid":{"rendered":"http:\/\/www.sindenfermeiro.com.br\/?p=5573"},"modified":"2026-04-26T16:09:59","modified_gmt":"2026-04-26T19:09:59","slug":"sindenfermeiro-debate-pauta-da-saude-com-ibaneis","status":"publish","type":"post","link":"https:\/\/sindenfermeiro.com.br\/index.php\/2019\/01\/30\/sindenfermeiro-debate-pauta-da-saude-com-ibaneis\/","title":{"rendered":"SindEnfermeiro debate pauta da sa\u00fade com Ibaneis"},"content":{"rendered":"<p style=\"text-align: justify\">O diretor do Sindicato dos Enfermeiros do Distrito Federal (SindEnfermeiro-DF), M\u00e1rcio da Mata e representantes dos \u00a0outros sindicatos da sa\u00fade participaram de uma reuni\u00e3o com o governador, Ibaneis Rocha (MDB), na \u00faltima ter\u00e7a-feira (29). Tamb\u00e9m estiveram presentes no encontro o deputado da sa\u00fade, Jorge Vianna (PODEMOS) e o secret\u00e1rio de sa\u00fade, Osnei Okumoto. A inten\u00e7\u00e3o da reuni\u00e3o foi apresentar e discutir as demandas dos trabalhadores da sa\u00fade.<\/p>\n<p style=\"text-align: justify\">Durante a reuni\u00e3o, Ibaneis anunciou uma s\u00e9rie de medidas que beneficiar\u00e3o os servidores da Secretaria de Sa\u00fade do DF (SES-DF). Entre elas, o fim do Trabalho em Per\u00edodo Definido (TPD), revis\u00e3o das portarias 77 e 78 \u2013 que tratam da organiza\u00e7\u00e3o da Aten\u00e7\u00e3o Prim\u00e1ria, a incorpora\u00e7\u00e3o de gratifica\u00e7\u00f5es de atividades, a concess\u00e3o de 40 horas e a convoca\u00e7\u00e3o de concursados.<\/p>\n<p style=\"text-align: justify\"><strong>Medidas que beneficiar\u00e3o os servidores sa\u00fade<\/strong><\/p>\n<p style=\"text-align: justify\">Em entrevista, o secret\u00e1rio de sa\u00fade, Osnei Okumoto, anunciou que o governo investir\u00e1 R$ 300 milh\u00f5es para servidores e a contrata\u00e7\u00e3o de mais de 500 aprovados nos concursos p\u00fablicos.\u00a0 As a\u00e7\u00f5es que contemplar\u00e3o os servidores ser\u00e3o detalhadas a partir de fevereiro.<\/p>\n<p style=\"text-align: justify\">Na pauta levada pelo SindEnfermeiro e as outras entidades est\u00e3o: a isonomia salarial dos enfermeiros com os odont\u00f3logos (demanda apresentada pelo SindEnfermeiro), \u00a0o pagamento da \u00faltima parcela do aumento dos servidores, a amplia\u00e7\u00e3o da carga hor\u00e1ria dos servidores de 20 para 40 horas, o pagamento das pec\u00fanias e a contrata\u00e7\u00e3o dos aprovados no concurso de 2014 da SES-DF.<\/p>\n<p style=\"text-align: justify\">O SindEnfermeiro-DF enfatiza que continua a mobiliza\u00e7\u00e3o contra o amplia\u00e7\u00e3o do modelo de gest\u00e3o do Instituto Hospital de Base e se coloca \u00e0 disposi\u00e7\u00e3o para ouvir e esclarecer qualquer d\u00favida da categoria.<\/p>\n","protected":false},"excerpt":{"rendered":"<p>O diretor do Sindicato dos Enfermeiros do Distrito Federal (SindEnfermeiro-DF), M\u00e1rcio da Mata e representantes dos \u00a0outros sindicatos da sa\u00fade participaram de uma reuni\u00e3o com o governador, Ibaneis Rocha (MDB), na \u00faltima ter\u00e7a-feira (29). Tamb\u00e9m estiveram presentes no encontro o deputado da sa\u00fade, Jorge Vianna (PODEMOS) e o secret\u00e1rio de sa\u00fade, Osnei Okumoto. A inten\u00e7\u00e3o [&hellip;]<\/p>\n","protected":false},"author":6,"featured_media":5574,"comment_status":"closed","ping_status":"closed","sticky":false,"template":"","format":"standard","meta":{"footnotes":""},"categories":[6,5],"tags":[7,54,8,47,21,44,22],"class_list":["post-5573","post","type-post","status-publish","format-standard","has-post-thumbnail","hentry","category-noticias","category-rede-publica","tag-enfermagem","tag-enfermeiros","tag-ibaneis-rocha","tag-rede-publica","tag-sindenfermeiro","tag-sindenfermeiro-df","tag-sindicato-dos-enfermeiros"],"_links":{"self":[{"href":"https:\/\/sindenfermeiro.com.br\/index.php\/wp-json\/wp\/v2\/posts\/5573","targetHints":{"allow":["GET"]}}],"collection":[{"href":"https:\/\/sindenfermeiro.com.br\/index.php\/wp-json\/wp\/v2\/posts"}],"about":[{"href":"https:\/\/sindenfermeiro.com.br\/index.php\/wp-json\/wp\/v2\/types\/post"}],"author":[{"embeddable":true,"href":"https:\/\/sindenfermeiro.com.br\/index.php\/wp-json\/wp\/v2\/users\/6"}],"replies":[{"embeddable":true,"href":"https:\/\/sindenfermeiro.com.br\/index.php\/wp-json\/wp\/v2\/comments?post=5573"}],"version-history":[{"count":1,"href":"https:\/\/sindenfermeiro.com.br\/index.php\/wp-json\/wp\/v2\/posts\/5573\/revisions"}],"predecessor-version":[{"id":36836,"href":"https:\/\/sindenfermeiro.com.br\/index.php\/wp-json\/wp\/v2\/posts\/5573\/revisions\/36836"}],"wp:featuredmedia":[{"embeddable":true,"href":"https:\/\/sindenfermeiro.com.br\/index.php\/wp-json\/"}],"wp:attachment":[{"href":"https:\/\/sindenfermeiro.com.br\/index.php\/wp-json\/wp\/v2\/media?parent=5573"}],"wp:term":[{"taxonomy":"category","embeddable":true,"href":"https:\/\/sindenfermeiro.com.br\/index.php\/wp-json\/wp\/v2\/categories?post=5573"},{"taxonomy":"post_tag","embeddable":true,"href":"https:\/\/sindenfermeiro.com.br\/index.php\/wp-json\/wp\/v2\/tags?post=5573"}],"curies":[{"name":"wp","href":"https:\/\/api.w.org\/{rel}","templated":true}]}}