{"id":5558,"date":"2019-01-28T15:46:46","date_gmt":"2019-01-28T15:46:46","guid":{"rendered":"http:\/\/www.sindenfermeiro.com.br\/?p=5558"},"modified":"2026-04-26T14:23:03","modified_gmt":"2026-04-26T17:23:03","slug":"apos-denuncia-do-sindenfermeiro-mpt-df-instaura-inquerito-civil-contra-hospital-sao-mateus","status":"publish","type":"post","link":"https:\/\/sindenfermeiro.com.br\/index.php\/2019\/01\/28\/apos-denuncia-do-sindenfermeiro-mpt-df-instaura-inquerito-civil-contra-hospital-sao-mateus\/","title":{"rendered":"Ap\u00f3s den\u00fancia do SindEnfermeiro, MPT-DF instaura inqu\u00e9rito civil contra Hospital S\u00e3o Mateus"},"content":{"rendered":"<p style=\"text-align: justify\">A procuradora do trabalho, Ana Maria Villa Real F. Ramos, instaurou inqu\u00e9rito civil, no \u00faltimo dia 18 de janeiro, contra o Hospital S\u00e3o Mateus, por conta das condi\u00e7\u00f5es sanit\u00e1rias e de conforto no local de trabalho, ass\u00e9dio moral e atrasos no pagamento do sal\u00e1rio e vale-transporte dos trabalhadores da institui\u00e7\u00e3o.<\/p>\n<p style=\"text-align: justify\">Inqu\u00e9rito civil \u00e9 um procedimento administrativo de natureza investigat\u00f3ria instaurado pelo Minist\u00e9rio P\u00fablico do trabalho (MPT-DF) para descobrir se um direito coletivo foi violado, destinando-se \u00e0 coleta de elementos de convic\u00e7\u00e3o, visando \u00e0 apura\u00e7\u00e3o da autoria e da materialidade de les\u00e3o ou amea\u00e7a de les\u00e3o a direitos, com vistas \u00e0 proposi\u00e7\u00e3o de a\u00e7\u00e3o civil p\u00fablica.<\/p>\n<p style=\"text-align: justify\">Ou seja, por meio da den\u00fancia realizada pelo SindEnfermeiro-DF, o MPT-DF reconheceu que existe a configura\u00e7\u00e3o de desrespeito \u00e0 ordem jur\u00eddico-trabalhista e aos direitos coletivos dos trabalhadores do Hospital S\u00e3o Mateus, e determinou a instaura\u00e7\u00e3o de inqu\u00e9rito.<\/p>\n<p style=\"text-align: justify\">Em setembro de 2018, O SindEnfermeiro esteve no hospital para apurar den\u00fancias que os enfermeiros da institui\u00e7\u00e3o estavam com o sal\u00e1rio, ticket alimenta\u00e7\u00e3o e vale-transporte atrasados h\u00e1 tr\u00eas meses. No entanto, ao chegar ao hospital, a situa\u00e7\u00e3o era ainda pior, os profissionais sequer tinham insumos b\u00e1sicos para realizarem procedimentos de baixa complexidade.<\/p>\n<p style=\"text-align: justify\"><strong>CEREST apura condi\u00e7\u00f5es de trabalho<\/strong><\/p>\n<p style=\"text-align: justify\">Por conta da den\u00fancia feita pelo SindEnfermeiro, o Minist\u00e9rio P\u00fablico do Trabalho (MPT-DF) determinou que o Centro de Refer\u00eancia em Sa\u00fade do Trabalhador (CEREST) averiguasse as condi\u00e7\u00f5es do ambiente de trabalho no hospital. Durante a visita, que aconteceu no final de novembro de 2018, foram constadas in\u00fameras irregularidades.<\/p>\n<p style=\"text-align: justify\">O Inqu\u00e9rito Civil foi instaurado sob o n\u00ba 002366.2018.10.000\/7, e ter\u00e1 a ado\u00e7\u00e3o de in\u00fameras provid\u00eancias. O Sindicato dos Enfermeiros far\u00e1 o acompanhamento di\u00e1rio do Inqu\u00e9rito.<\/p>\n<p style=\"text-align: justify\">Qualquer d\u00favida o departamento jur\u00eddico do sindicato est\u00e1 \u00e0 disposi\u00e7\u00e3o dos enfermeiros para esclarecer quaisquer d\u00favidas.<\/p>\n","protected":false},"excerpt":{"rendered":"<p>A procuradora do trabalho, Ana Maria Villa Real F. Ramos, instaurou inqu\u00e9rito civil, no \u00faltimo dia 18 de janeiro, contra o Hospital S\u00e3o Mateus, por conta das condi\u00e7\u00f5es sanit\u00e1rias e de conforto no local de trabalho, ass\u00e9dio moral e atrasos no pagamento do sal\u00e1rio e vale-transporte dos trabalhadores da institui\u00e7\u00e3o. Inqu\u00e9rito civil \u00e9 um procedimento [&hellip;]<\/p>\n","protected":false},"author":6,"featured_media":5559,"comment_status":"closed","ping_status":"closed","sticky":false,"template":"","format":"standard","meta":{"footnotes":""},"categories":[6,13],"tags":[7,99,109,135,46,22],"class_list":["post-5558","post","type-post","status-publish","format-standard","has-post-thumbnail","hentry","category-noticias","category-rede-privada","tag-enfermagem","tag-enfermagem-df","tag-fiscaliza-sindenfermeiro","tag-hospital-sao-mateus","tag-rede-privada","tag-sindicato-dos-enfermeiros"],"_links":{"self":[{"href":"https:\/\/sindenfermeiro.com.br\/index.php\/wp-json\/wp\/v2\/posts\/5558","targetHints":{"allow":["GET"]}}],"collection":[{"href":"https:\/\/sindenfermeiro.com.br\/index.php\/wp-json\/wp\/v2\/posts"}],"about":[{"href":"https:\/\/sindenfermeiro.com.br\/index.php\/wp-json\/wp\/v2\/types\/post"}],"author":[{"embeddable":true,"href":"https:\/\/sindenfermeiro.com.br\/index.php\/wp-json\/wp\/v2\/users\/6"}],"replies":[{"embeddable":true,"href":"https:\/\/sindenfermeiro.com.br\/index.php\/wp-json\/wp\/v2\/comments?post=5558"}],"version-history":[{"count":1,"href":"https:\/\/sindenfermeiro.com.br\/index.php\/wp-json\/wp\/v2\/posts\/5558\/revisions"}],"predecessor-version":[{"id":36788,"href":"https:\/\/sindenfermeiro.com.br\/index.php\/wp-json\/wp\/v2\/posts\/5558\/revisions\/36788"}],"wp:featuredmedia":[{"embeddable":true,"href":"https:\/\/sindenfermeiro.com.br\/index.php\/wp-json\/"}],"wp:attachment":[{"href":"https:\/\/sindenfermeiro.com.br\/index.php\/wp-json\/wp\/v2\/media?parent=5558"}],"wp:term":[{"taxonomy":"category","embeddable":true,"href":"https:\/\/sindenfermeiro.com.br\/index.php\/wp-json\/wp\/v2\/categories?post=5558"},{"taxonomy":"post_tag","embeddable":true,"href":"https:\/\/sindenfermeiro.com.br\/index.php\/wp-json\/wp\/v2\/tags?post=5558"}],"curies":[{"name":"wp","href":"https:\/\/api.w.org\/{rel}","templated":true}]}}