{"id":5551,"date":"2019-01-28T13:03:28","date_gmt":"2019-01-28T13:03:28","guid":{"rendered":"http:\/\/www.sindenfermeiro.com.br\/?p=5551"},"modified":"2026-04-26T14:20:33","modified_gmt":"2026-04-26T17:20:33","slug":"recadastramento-de-enfermeiros-ativos","status":"publish","type":"post","link":"https:\/\/sindenfermeiro.com.br\/index.php\/2019\/01\/28\/recadastramento-de-enfermeiros-ativos\/","title":{"rendered":"Recadastramento de enfermeiros ativos"},"content":{"rendered":"<p>&nbsp;<\/p>\n<p><img loading=\"lazy\" decoding=\"async\" class=\"alignleft size-full wp-image-5552\" src=\"http:\/\/www.sindenfermeiro.com.br\/wp-content\/uploads\/2019\/01\/Recadastrameto.jpg\" alt=\"\" width=\"4000\" height=\"4000\" \/><\/p>\n<p>&nbsp;<\/p>\n<p>O Sindicato dos Enfermeiros do Distrito Federal (SindEnfermeiro-DF) relembra e alerta os enfermeiros que atuem no servi\u00e7o p\u00fablico do Distrito Federal, que o recadastramento anual de servidores ativos come\u00e7ar\u00e1 em mar\u00e7o de 2019. Quem deve se recadastrar? Enfermeiros servidores p\u00fablicos ativos da administra\u00e7\u00e3o direta, aut\u00e1rquica e fundacional do Distrito Federal e os enfermeiros empregados p\u00fablicos de empresas dependentes do Tesouro do Distrito Federal, inclusive os cedidos para outros entes federativos, afastados ou licenciados, bem como os servidores tempor\u00e1rios<\/p>\n<p>O recadastramento dever\u00e1 ser realizado por meio do m\u00f3dulo &#8220;Recadastramento&#8221; no Sistema \u00danico de Gest\u00e3o de Recursos Humanos \u2013 SIGRH: www.seplag.df.gov.br\/recadastramento, onde tamb\u00e9m fica disponibilizado o manual com o passo a passo a ser seguido e informa\u00e7\u00f5es importantes para auxiliar os servidores no procedimento. O servidor que n\u00e3o se recadastrar corre o risco de responder processo administrativo disciplinar.<\/p>\n<p>Ressaltamos, ainda, que os servidores que possuem mais de um v\u00ednculo com o Governo do Distrito Federal dever\u00e3o se recadastrar apenas uma vez, informando os dados de cada um dos v\u00ednculos, bem como que os que estiverem impedidos de fazer o recadastramento por meio do sistema, dever\u00e3o realiz\u00e1-lo pessoalmente.<\/p>\n<p>O Sindicato se coloca \u00e0 disposi\u00e7\u00e3o, por meio do seu setor jur\u00eddico, para quaisquer esclarecimentos que se fizerem necess\u00e1rios.<\/p>\n<p>&nbsp;<\/p>\n<p>&nbsp;<\/p>\n","protected":false},"excerpt":{"rendered":"<p>&nbsp; &nbsp; O Sindicato dos Enfermeiros do Distrito Federal (SindEnfermeiro-DF) relembra e alerta os enfermeiros que atuem no servi\u00e7o p\u00fablico do Distrito Federal, que o recadastramento anual de servidores ativos come\u00e7ar\u00e1 em mar\u00e7o de 2019. Quem deve se recadastrar? Enfermeiros servidores p\u00fablicos ativos da administra\u00e7\u00e3o direta, aut\u00e1rquica e fundacional do Distrito Federal e os enfermeiros [&hellip;]<\/p>\n","protected":false},"author":6,"featured_media":5555,"comment_status":"closed","ping_status":"closed","sticky":false,"template":"","format":"standard","meta":{"footnotes":""},"categories":[6,13,5],"tags":[],"class_list":["post-5551","post","type-post","status-publish","format-standard","has-post-thumbnail","hentry","category-noticias","category-rede-privada","category-rede-publica"],"_links":{"self":[{"href":"https:\/\/sindenfermeiro.com.br\/index.php\/wp-json\/wp\/v2\/posts\/5551","targetHints":{"allow":["GET"]}}],"collection":[{"href":"https:\/\/sindenfermeiro.com.br\/index.php\/wp-json\/wp\/v2\/posts"}],"about":[{"href":"https:\/\/sindenfermeiro.com.br\/index.php\/wp-json\/wp\/v2\/types\/post"}],"author":[{"embeddable":true,"href":"https:\/\/sindenfermeiro.com.br\/index.php\/wp-json\/wp\/v2\/users\/6"}],"replies":[{"embeddable":true,"href":"https:\/\/sindenfermeiro.com.br\/index.php\/wp-json\/wp\/v2\/comments?post=5551"}],"version-history":[{"count":1,"href":"https:\/\/sindenfermeiro.com.br\/index.php\/wp-json\/wp\/v2\/posts\/5551\/revisions"}],"predecessor-version":[{"id":36773,"href":"https:\/\/sindenfermeiro.com.br\/index.php\/wp-json\/wp\/v2\/posts\/5551\/revisions\/36773"}],"wp:featuredmedia":[{"embeddable":true,"href":"https:\/\/sindenfermeiro.com.br\/index.php\/wp-json\/"}],"wp:attachment":[{"href":"https:\/\/sindenfermeiro.com.br\/index.php\/wp-json\/wp\/v2\/media?parent=5551"}],"wp:term":[{"taxonomy":"category","embeddable":true,"href":"https:\/\/sindenfermeiro.com.br\/index.php\/wp-json\/wp\/v2\/categories?post=5551"},{"taxonomy":"post_tag","embeddable":true,"href":"https:\/\/sindenfermeiro.com.br\/index.php\/wp-json\/wp\/v2\/tags?post=5551"}],"curies":[{"name":"wp","href":"https:\/\/api.w.org\/{rel}","templated":true}]}}