{"id":5444,"date":"2019-01-23T18:39:11","date_gmt":"2019-01-23T18:39:11","guid":{"rendered":"http:\/\/www.sindenfermeiro.com.br\/?p=5444"},"modified":"2026-04-26T14:19:14","modified_gmt":"2026-04-26T17:19:14","slug":"ato-unificado-em-defesa-da-saude","status":"publish","type":"post","link":"https:\/\/sindenfermeiro.com.br\/index.php\/2019\/01\/23\/ato-unificado-em-defesa-da-saude\/","title":{"rendered":"ATO UNIFICADO EM DEFESA DA SA\u00daDE"},"content":{"rendered":"<p><strong>ATO UNIFICADO EM DEFESA DA SA\u00daDE\u00a0<\/strong><\/p>\n<p><strong>PROGRAMA\u00c7\u00c3O:<\/strong><\/p>\n<p><span class=\"_5mfr\"><span class=\"_6qdm\">&#x1f552;<\/span><\/span>12 HRS &#8211; OS \u00d4NIBUS SAIR\u00c3O DOS SEGUINTES LOCAIS EM DIRE\u00c7\u00c3O \u00c0 CLDF:<\/p>\n<div class=\"text_exposed_show\">\n<p>&#8211; HRT<br \/>\n-HRC<br \/>\n-HRP<br \/>\n-HRS<br \/>\n-HRSAM<br \/>\n-HRPA<br \/>\n-HRG<br \/>\n-HRSM<br \/>\n-HMIB<br \/>\n-HRB<br \/>\n-HRGU<br \/>\n&#8211; HRAN<br \/>\n-IHBDF<br \/>\n-UPA do Recanto das Emas e S\u00e3o Sebasti\u00e3o<\/p>\n<p>&nbsp;<\/p>\n<p><span class=\"_5mfr\"><span class=\"_6qdm\">&#x1f552;<\/span><\/span>13 HRS &#8211; CONCENTRA\u00c7\u00c3O EM FRENTE \u00c0 CLDF<\/p>\n<p><span class=\"_5mfr\"><span class=\"_6qdm\">&#x2757;<\/span><\/span><span class=\"_5mfr\"><span class=\"_6qdm\">&#x2757;<\/span><\/span>AVISOS<span class=\"_5mfr\"><span class=\"_6qdm\">&#x2757;<\/span><\/span><span class=\"_5mfr\"><span class=\"_6qdm\">&#x2757;<\/span><\/span><\/p>\n<p>TRAJES &#8211; \u00e9 importante que TODOS OS TRABALHADORES estejam com roupa branca ou jaleco<\/p>\n<p><span style=\"font-size: 10pt\"><strong><em>SINDENFERMEIRO-DF, muito mais que um sindicato, um agente de transforma\u00e7\u00e3o!<span class=\"_5mfr\"><span class=\"_6qdm\">&#x270a;&#x1f3fd;<\/span><\/span><span class=\"_5mfr\"><span class=\"_6qdm\">&#x1f49a;<\/span><\/span><\/em><\/strong><\/span><\/p>\n<p>&nbsp;<\/p>\n<p>&nbsp;<\/p>\n<\/div>\n<p><img loading=\"lazy\" decoding=\"async\" class=\"alignleft size-full wp-image-5446\" src=\"http:\/\/www.sindenfermeiro.com.br\/wp-content\/uploads\/2019\/01\/CARTAZ-1.jpg\" alt=\"\" width=\"3508\" height=\"4961\" \/><\/p>\n","protected":false},"excerpt":{"rendered":"<p>ATO UNIFICADO EM DEFESA DA SA\u00daDE\u00a0 PROGRAMA\u00c7\u00c3O: &#x1f552;12 HRS &#8211; OS \u00d4NIBUS SAIR\u00c3O DOS SEGUINTES LOCAIS EM DIRE\u00c7\u00c3O \u00c0 CLDF: &#8211; HRT -HRC -HRP -HRS -HRSAM -HRPA -HRG -HRSM -HMIB -HRB -HRGU &#8211; HRAN -IHBDF -UPA do Recanto das Emas e S\u00e3o Sebasti\u00e3o &nbsp; &#x1f552;13 HRS &#8211; CONCENTRA\u00c7\u00c3O EM FRENTE \u00c0 CLDF &#x2757;&#x2757;AVISOS&#x2757;&#x2757; TRAJES &#8211; [&hellip;]<\/p>\n","protected":false},"author":6,"featured_media":5447,"comment_status":"closed","ping_status":"closed","sticky":false,"template":"","format":"standard","meta":{"footnotes":""},"categories":[6,13,5],"tags":[157,158,59,34,159,7,54,121,160,43,56],"class_list":["post-5444","post","type-post","status-publish","format-standard","has-post-thumbnail","hentry","category-noticias","category-rede-privada","category-rede-publica","tag-24-de-janeiro","tag-ato-unificado","tag-brasilia","tag-cldf","tag-defesa-da-saude","tag-enfermagem","tag-enfermeiros","tag-ibaneis","tag-projeto-de-lei","tag-saude","tag-sindicato"],"_links":{"self":[{"href":"https:\/\/sindenfermeiro.com.br\/index.php\/wp-json\/wp\/v2\/posts\/5444","targetHints":{"allow":["GET"]}}],"collection":[{"href":"https:\/\/sindenfermeiro.com.br\/index.php\/wp-json\/wp\/v2\/posts"}],"about":[{"href":"https:\/\/sindenfermeiro.com.br\/index.php\/wp-json\/wp\/v2\/types\/post"}],"author":[{"embeddable":true,"href":"https:\/\/sindenfermeiro.com.br\/index.php\/wp-json\/wp\/v2\/users\/6"}],"replies":[{"embeddable":true,"href":"https:\/\/sindenfermeiro.com.br\/index.php\/wp-json\/wp\/v2\/comments?post=5444"}],"version-history":[{"count":1,"href":"https:\/\/sindenfermeiro.com.br\/index.php\/wp-json\/wp\/v2\/posts\/5444\/revisions"}],"predecessor-version":[{"id":36993,"href":"https:\/\/sindenfermeiro.com.br\/index.php\/wp-json\/wp\/v2\/posts\/5444\/revisions\/36993"}],"wp:featuredmedia":[{"embeddable":true,"href":"https:\/\/sindenfermeiro.com.br\/index.php\/wp-json\/"}],"wp:attachment":[{"href":"https:\/\/sindenfermeiro.com.br\/index.php\/wp-json\/wp\/v2\/media?parent=5444"}],"wp:term":[{"taxonomy":"category","embeddable":true,"href":"https:\/\/sindenfermeiro.com.br\/index.php\/wp-json\/wp\/v2\/categories?post=5444"},{"taxonomy":"post_tag","embeddable":true,"href":"https:\/\/sindenfermeiro.com.br\/index.php\/wp-json\/wp\/v2\/tags?post=5444"}],"curies":[{"name":"wp","href":"https:\/\/api.w.org\/{rel}","templated":true}]}}