{"id":5432,"date":"2019-01-23T14:50:03","date_gmt":"2019-01-23T14:50:03","guid":{"rendered":"http:\/\/www.sindenfermeiro.com.br\/?p=5432"},"modified":"2026-04-26T16:04:01","modified_gmt":"2026-04-26T19:04:01","slug":"nota-sobre-o-pl-da-extincao","status":"publish","type":"post","link":"https:\/\/sindenfermeiro.com.br\/index.php\/2019\/01\/23\/nota-sobre-o-pl-da-extincao\/","title":{"rendered":"Nota sobre o &#8220;PL da Extin\u00e7\u00e3o&#8221;"},"content":{"rendered":"<style type=\"text\/css\">\n#foogallery-gallery-5435 .fg-image { width: 640px; }<\/style>\n\t\t\t<div class=\"foogallery foogallery-container foogallery-image-viewer foogallery-link-image foogallery-lightbox-none fg-center fg-image-viewer fg-ready fg-light fg-border-thin fg-shadow-outline fg-loading-default fg-loaded-fade-in fg-caption-hover fg-hover-fade fg-hover-zoom\" id=\"foogallery-gallery-5435\" data-foogallery=\"{&quot;item&quot;:{&quot;showCaptionTitle&quot;:true,&quot;showCaptionDescription&quot;:true},&quot;lazy&quot;:true,&quot;template&quot;:{&quot;loop&quot;:true}}\" style=\"--fg-title-line-clamp: 0; --fg-description-line-clamp: 0;\" >\n\t<div class=\"fiv-inner\">\n\t\t<div class=\"fiv-inner-container\">\n\t\t\t\t\t<\/div>\n\t\t<div class=\"fiv-ctrls\">\n\t\t\t<button type=\"button\" class=\"fiv-prev\" title=\"Prev\"><span>Prev<\/span><\/button>\n\t\t\t<label class=\"fiv-count\"><span class=\"fiv-count-current\">1<\/span>of<span class=\"fiv-count-total\">6<\/span><\/label>\n\t\t\t<button type=\"button\" class=\"fiv-next\" title=\"Next\"><span>Next<\/span><\/button>\n\t\t<\/div>\n\t<\/div>\n<\/div>\n<p>&nbsp;<\/p>\n<p>Os usu\u00e1rios e trabalhadores da Sa\u00fade, junto com a popula\u00e7\u00e3o do Distrito Federal, ajudaram a eleger o governador Ibaneis Rocha, confiando em seu compromisso em adotar medidas para resgatar a sa\u00fade do Distrito Federal, com respeito aos trabalhadores e usu\u00e1rios.<\/p>\n<p>Os profissionais e suas entidades de classe compreendem a urg\u00eancia e defendem a desburocratiza\u00e7\u00e3o do servi\u00e7o, bem como a descentraliza\u00e7\u00e3o administrativa e financeira das unidades de sa\u00fade e prop\u00f5em que esse processo seja feito em parceria com os representantes dos trabalhadores e dos \u00f3rg\u00e3os de controle, de forma a construir um modelo propositivo de sa\u00fade p\u00fablica.<\/p>\n<p>Entretanto, o projeto apresentado pelo governador transforma o modelo de gest\u00e3o do Instituto Hospital de Base (IHBDF) em uma organiza\u00e7\u00e3o, criando assim o Instituto de Gest\u00e3o Estrat\u00e9gica da Sa\u00fade do Distrito Federal (IGESDF). O modelo prev\u00ea, ainda, que o IHBDF fique respons\u00e1vel pela administra\u00e7\u00e3o das Unidades de Pronto Atendimento (UPA), e os hospitais regionais de Santa Maria, Taguatinga, al\u00e9m do Hospital Materno Infantil de Bras\u00edlia (HMIB).<\/p>\n<p>V\u00e1rios pontos no PL precisam de aten\u00e7\u00e3o, entre eles: a falta de previs\u00e3o or\u00e7ament\u00e1ria para todos os setores do Sistema \u00danico de Sa\u00fade (SUS) e a falta de indicadores da gest\u00e3o p\u00fablica que avaliem a efetividade do modelo de gest\u00e3o adotado no IHBDF.<\/p>\n<p>O padr\u00e3o de gest\u00e3o defendido no PL abre brechas para o loteamento de vagas, tendo em vista que, n\u00e3o s\u00e3o estabelecidos crit\u00e9rios avaliativos para a contrata\u00e7\u00e3o de funcion\u00e1rio, diferente do concurso p\u00fablico, que leva como crit\u00e9rio a meritocracia. Al\u00e9m disso, pode significar um rombo ainda maior no j\u00e1 combalido Instituto de Previd\u00eancia dos Servidores do DF (IPREV-DF).<\/p>\n<p>A justificativa do Executivo para a cria\u00e7\u00e3o desse projeto \u00e9 que essas a\u00e7\u00f5es ajudariam a resolver o problema da sa\u00fade no Distrito Federal. No entanto, o fato de ser decretado estado de emerg\u00eancia no DF j\u00e1 permite que diversas medidas sejam tomadas para sanar esses problemas, como: compra de insumos sem licita\u00e7\u00f5es, al\u00e9m da convoca\u00e7\u00e3o de servidores por meio de contratos tempor\u00e1rios.<\/p>\n<p>Essa proposta n\u00e3o \u00e9 uma medida emergencial que possa ser revogada ou corrigida em seis meses ou um ano. Ela muda a estrutura da Secretaria de Sa\u00fade, os fundamentos do servi\u00e7o e prejudica a popula\u00e7\u00e3o. N\u00e3o discute pol\u00edticas p\u00fablicas, nem modelo de gest\u00e3o. O que acontece \u00e9 a entrega de um or\u00e7amento bilion\u00e1rio \u2013 cerca de R$ 7 bilh\u00f5es, uma vez que o Distrito Federal possui um or\u00e7amento diferenciado \u2013 que n\u00e3o ter\u00e1 a devida transpar\u00eancia.<\/p>\n<p>Entendemos que as licita\u00e7\u00f5es inibem e engessam processos que sanariam diversos problemas da sa\u00fade. O que acaba com a corrup\u00e7\u00e3o n\u00e3o s\u00e3o os processos licitat\u00f3rios, mas sim a transpar\u00eancia.<\/p>\n<p>Por isso, os servidores da sa\u00fade solicitam a retirada da pauta e seja criado um grupo de trabalho participativo para elabora\u00e7\u00e3o de um novo texto em curto prazo, pois uma medida com tal import\u00e2ncia e impacto \u2013 n\u00e3o s\u00f3 para os trabalhadores como para a popula\u00e7\u00e3o, deve ser analisada e seguir todos os ritos legislativos, passando pelas comiss\u00f5es da sa\u00fade e de or\u00e7amento da C\u00e2mara, e abrindo espa\u00e7o para o di\u00e1logo com as entidades de classe, especialistas na \u00e1rea e conselhos de sa\u00fade.<\/p>\n<p><strong>Convocamos a todos &#8211; popula\u00e7\u00e3o e servidores, a participar amanh\u00e3, \u00e0s 13 horas, para acompanhar a discuss\u00e3o da pauta na C\u00e2mara dos Deputados. Vamos juntos sensibilizar nossos parlamentares, e lutar por uma sa\u00fade p\u00fablica, gratuita e de qualidade para todos!<\/strong><\/p>\n","protected":false},"excerpt":{"rendered":"<p>&nbsp; Os usu\u00e1rios e trabalhadores da Sa\u00fade, junto com a popula\u00e7\u00e3o do Distrito Federal, ajudaram a eleger o governador Ibaneis Rocha, confiando em seu compromisso em adotar medidas para resgatar a sa\u00fade do Distrito Federal, com respeito aos trabalhadores e usu\u00e1rios. Os profissionais e suas entidades de classe compreendem a urg\u00eancia e defendem a desburocratiza\u00e7\u00e3o [&hellip;]<\/p>\n","protected":false},"author":6,"featured_media":5430,"comment_status":"closed","ping_status":"closed","sticky":false,"template":"","format":"standard","meta":{"footnotes":""},"categories":[6,5],"tags":[90,10,21,131],"class_list":["post-5432","post","type-post","status-publish","format-standard","has-post-thumbnail","hentry","category-noticias","category-rede-publica","tag-saude-publica","tag-secretaria-de-saude","tag-sindenfermeiro","tag-sindenfermeirodf"],"_links":{"self":[{"href":"https:\/\/sindenfermeiro.com.br\/index.php\/wp-json\/wp\/v2\/posts\/5432","targetHints":{"allow":["GET"]}}],"collection":[{"href":"https:\/\/sindenfermeiro.com.br\/index.php\/wp-json\/wp\/v2\/posts"}],"about":[{"href":"https:\/\/sindenfermeiro.com.br\/index.php\/wp-json\/wp\/v2\/types\/post"}],"author":[{"embeddable":true,"href":"https:\/\/sindenfermeiro.com.br\/index.php\/wp-json\/wp\/v2\/users\/6"}],"replies":[{"embeddable":true,"href":"https:\/\/sindenfermeiro.com.br\/index.php\/wp-json\/wp\/v2\/comments?post=5432"}],"version-history":[{"count":1,"href":"https:\/\/sindenfermeiro.com.br\/index.php\/wp-json\/wp\/v2\/posts\/5432\/revisions"}],"predecessor-version":[{"id":37157,"href":"https:\/\/sindenfermeiro.com.br\/index.php\/wp-json\/wp\/v2\/posts\/5432\/revisions\/37157"}],"wp:featuredmedia":[{"embeddable":true,"href":"https:\/\/sindenfermeiro.com.br\/index.php\/wp-json\/"}],"wp:attachment":[{"href":"https:\/\/sindenfermeiro.com.br\/index.php\/wp-json\/wp\/v2\/media?parent=5432"}],"wp:term":[{"taxonomy":"category","embeddable":true,"href":"https:\/\/sindenfermeiro.com.br\/index.php\/wp-json\/wp\/v2\/categories?post=5432"},{"taxonomy":"post_tag","embeddable":true,"href":"https:\/\/sindenfermeiro.com.br\/index.php\/wp-json\/wp\/v2\/tags?post=5432"}],"curies":[{"name":"wp","href":"https:\/\/api.w.org\/{rel}","templated":true}]}}