{"id":5385,"date":"2019-01-17T13:40:37","date_gmt":"2019-01-17T13:40:37","guid":{"rendered":"http:\/\/www.sindenfermeiro.com.br\/?p=5385"},"modified":"2026-04-26T16:05:09","modified_gmt":"2026-04-26T19:05:09","slug":"ibaneis-afirma-que-pagara-a-ultima-parcela-do-reajuste-ainda-esse-ano","status":"publish","type":"post","link":"https:\/\/sindenfermeiro.com.br\/index.php\/2019\/01\/17\/ibaneis-afirma-que-pagara-a-ultima-parcela-do-reajuste-ainda-esse-ano\/","title":{"rendered":"Ibaneis afirma que pagar\u00e1 a \u00faltima parcela do reajuste ainda esse ano"},"content":{"rendered":"<p style=\"text-align: justify\">Governador do Distrito Federal, Ibaneis Rocha, reafirmou em entrevista ao jornal Correio Brazilense, que far\u00e1 o pagamento da \u00faltima parcela do reajuste dos servidores do Distrito Federal.<\/p>\n<p style=\"text-align: justify\">De acordo com a mat\u00e9ria, mesmo com um rombo de mais de 1 bilh\u00e3o de reais nas contas, Ibaneis \u00a0mant\u00e9m a promessa de come\u00e7ar o pagamento da \u00faltima parcela \u00a0o reajuste dos funcion\u00e1rios p\u00fablicos ainda esse ano al\u00e9m da equipara\u00e7\u00e3o salarial da Pol\u00edcia Civil com a Pol\u00edcia Federal.<\/p>\n<p style=\"text-align: justify\">\u00a0\u201cEsperamos que o governador cumpra essa e outras promessas de campanha feita \u00e0 categoria. O pagamento do reajuste foi um dos pontos que levamos para a reuni\u00e3o que tivemos com o secret\u00e1rio de sa\u00fade. Essa terceira parcela j\u00e1 est\u00e1 judicializada com recurso do GDF e est\u00e1 gerando um passivo para o governo. Estamos aguardando por muitos anos \u00a0esse pagamento que j\u00e1 \u00e9 legal \u00e0 muito tempo!\u201d, afirma Dayse Amar\u00edlio, presidente do SindEnfermeiro.<\/p>\n<p style=\"text-align: justify\">O SindEnfermeiro continua dialogando com o novo governo para que esse d\u00e9bito seja pago o quanto antes e que tamb\u00e9m haja a isonomia salarial dos enfermeiros com os odont\u00f3logos.<\/p>\n","protected":false},"excerpt":{"rendered":"<p>Governador do Distrito Federal, Ibaneis Rocha, reafirmou em entrevista ao jornal Correio Brazilense, que far\u00e1 o pagamento da \u00faltima parcela do reajuste dos servidores do Distrito Federal. De acordo com a mat\u00e9ria, mesmo com um rombo de mais de 1 bilh\u00e3o de reais nas contas, Ibaneis \u00a0mant\u00e9m a promessa de come\u00e7ar o pagamento da \u00faltima [&hellip;]<\/p>\n","protected":false},"author":6,"featured_media":5387,"comment_status":"closed","ping_status":"closed","sticky":false,"template":"","format":"standard","meta":{"footnotes":""},"categories":[6,5],"tags":[8,47],"class_list":["post-5385","post","type-post","status-publish","format-standard","has-post-thumbnail","hentry","category-noticias","category-rede-publica","tag-ibaneis-rocha","tag-rede-publica"],"_links":{"self":[{"href":"https:\/\/sindenfermeiro.com.br\/index.php\/wp-json\/wp\/v2\/posts\/5385","targetHints":{"allow":["GET"]}}],"collection":[{"href":"https:\/\/sindenfermeiro.com.br\/index.php\/wp-json\/wp\/v2\/posts"}],"about":[{"href":"https:\/\/sindenfermeiro.com.br\/index.php\/wp-json\/wp\/v2\/types\/post"}],"author":[{"embeddable":true,"href":"https:\/\/sindenfermeiro.com.br\/index.php\/wp-json\/wp\/v2\/users\/6"}],"replies":[{"embeddable":true,"href":"https:\/\/sindenfermeiro.com.br\/index.php\/wp-json\/wp\/v2\/comments?post=5385"}],"version-history":[{"count":1,"href":"https:\/\/sindenfermeiro.com.br\/index.php\/wp-json\/wp\/v2\/posts\/5385\/revisions"}],"predecessor-version":[{"id":36962,"href":"https:\/\/sindenfermeiro.com.br\/index.php\/wp-json\/wp\/v2\/posts\/5385\/revisions\/36962"}],"wp:featuredmedia":[{"embeddable":true,"href":"https:\/\/sindenfermeiro.com.br\/index.php\/wp-json\/"}],"wp:attachment":[{"href":"https:\/\/sindenfermeiro.com.br\/index.php\/wp-json\/wp\/v2\/media?parent=5385"}],"wp:term":[{"taxonomy":"category","embeddable":true,"href":"https:\/\/sindenfermeiro.com.br\/index.php\/wp-json\/wp\/v2\/categories?post=5385"},{"taxonomy":"post_tag","embeddable":true,"href":"https:\/\/sindenfermeiro.com.br\/index.php\/wp-json\/wp\/v2\/tags?post=5385"}],"curies":[{"name":"wp","href":"https:\/\/api.w.org\/{rel}","templated":true}]}}