{"id":5379,"date":"2019-01-15T20:02:46","date_gmt":"2019-01-15T20:02:46","guid":{"rendered":"http:\/\/www.sindenfermeiro.com.br\/?p=5379"},"modified":"2026-04-26T14:20:28","modified_gmt":"2026-04-26T17:20:28","slug":"ciclo-de-capacitacao-atualizacao-de-vacinas","status":"publish","type":"post","link":"https:\/\/sindenfermeiro.com.br\/index.php\/2019\/01\/15\/ciclo-de-capacitacao-atualizacao-de-vacinas\/","title":{"rendered":"Ciclo de Capacita\u00e7\u00e3o &#8211; Atualiza\u00e7\u00e3o de vacinas"},"content":{"rendered":"<p>O Ciclo de Capacita\u00e7\u00e3o 2019 j\u00e1 tem data e tema definidos. \u201cAtualiza\u00e7\u00e3o de vacinas\u201d ser\u00e1 o conte\u00fado da primeira aula.<br \/>\nQuem vai tratar do assunto \u00e9 ningu\u00e9m menos que a presidente do SindEnfermeiro e professora, Dayse Amar\u00edlio, no dia 22 de janeiro (ter\u00e7a-feira), a partir das 8h15, na sede do SindEnfermeiro-DF. Com direito a certificado e tudo.<\/p>\n<div class=\"text_exposed_show\">\n<p>Enfermeiros filiados ao SindEnfermeiro contribuem com 1KG de alimento n\u00e3o perec\u00edvel. Para n\u00e3o filiados, a inscri\u00e7\u00e3o \u00e9 de R$30 mais um 1KG de alimento n\u00e3o perec\u00edvel. Mas corre porque as vagas s\u00e3o limitadas.<\/p>\n<p>Profissional capacitado \u00e9 profissional completo!<\/p>\n<p>SERVI\u00c7O:<\/p>\n<p><span class=\"_5mfr\"><span class=\"_6qdm\">&#x1f4dd;<\/span><\/span>Como se inscrever? \u00c9 s\u00f3 ligar no telefone (61) 3273-0307.<br \/>\n<span class=\"_5mfr\"><span class=\"_6qdm\">&#x1f5d3;<\/span><\/span><span class=\"_5mfr\"><span class=\"_6qdm\">&#x1f552;<\/span><\/span>Qual a data e hor\u00e1rio? 22 de janeiro, a partir das 08h15<br \/>\n<span class=\"_5mfr\"><span class=\"_6qdm\">&#x1f3e2;<\/span><\/span>Local do curso? Sede do SindEnfermeiro, SCRLN 714, Bloco H, Loja 2, Asa Norte.<\/p>\n<\/div>\n<p><img loading=\"lazy\" decoding=\"async\" class=\"alignleft size-full wp-image-5380\" src=\"http:\/\/www.sindenfermeiro.com.br\/wp-content\/uploads\/2019\/01\/POST-ATUALIZA\u00c7\u00c3O-DE-VACINAS-22-de-janeiro.jpg\" alt=\"\" width=\"960\" height=\"960\" \/><\/p>\n","protected":false},"excerpt":{"rendered":"<p>O Ciclo de Capacita\u00e7\u00e3o 2019 j\u00e1 tem data e tema definidos. \u201cAtualiza\u00e7\u00e3o de vacinas\u201d ser\u00e1 o conte\u00fado da primeira aula. Quem vai tratar do assunto \u00e9 ningu\u00e9m menos que a presidente do SindEnfermeiro e professora, Dayse Amar\u00edlio, no dia 22 de janeiro (ter\u00e7a-feira), a partir das 8h15, na sede do SindEnfermeiro-DF. Com direito a certificado [&hellip;]<\/p>\n","protected":false},"author":6,"featured_media":5380,"comment_status":"closed","ping_status":"closed","sticky":false,"template":"","format":"standard","meta":{"footnotes":""},"categories":[6,13,5],"tags":[155,82,156],"class_list":["post-5379","post","type-post","status-publish","format-standard","has-post-thumbnail","hentry","category-noticias","category-rede-privada","category-rede-publica","tag-aulas","tag-capacitacao","tag-vacinas"],"_links":{"self":[{"href":"https:\/\/sindenfermeiro.com.br\/index.php\/wp-json\/wp\/v2\/posts\/5379","targetHints":{"allow":["GET"]}}],"collection":[{"href":"https:\/\/sindenfermeiro.com.br\/index.php\/wp-json\/wp\/v2\/posts"}],"about":[{"href":"https:\/\/sindenfermeiro.com.br\/index.php\/wp-json\/wp\/v2\/types\/post"}],"author":[{"embeddable":true,"href":"https:\/\/sindenfermeiro.com.br\/index.php\/wp-json\/wp\/v2\/users\/6"}],"replies":[{"embeddable":true,"href":"https:\/\/sindenfermeiro.com.br\/index.php\/wp-json\/wp\/v2\/comments?post=5379"}],"version-history":[{"count":1,"href":"https:\/\/sindenfermeiro.com.br\/index.php\/wp-json\/wp\/v2\/posts\/5379\/revisions"}],"predecessor-version":[{"id":36781,"href":"https:\/\/sindenfermeiro.com.br\/index.php\/wp-json\/wp\/v2\/posts\/5379\/revisions\/36781"}],"wp:featuredmedia":[{"embeddable":true,"href":"https:\/\/sindenfermeiro.com.br\/index.php\/wp-json\/"}],"wp:attachment":[{"href":"https:\/\/sindenfermeiro.com.br\/index.php\/wp-json\/wp\/v2\/media?parent=5379"}],"wp:term":[{"taxonomy":"category","embeddable":true,"href":"https:\/\/sindenfermeiro.com.br\/index.php\/wp-json\/wp\/v2\/categories?post=5379"},{"taxonomy":"post_tag","embeddable":true,"href":"https:\/\/sindenfermeiro.com.br\/index.php\/wp-json\/wp\/v2\/tags?post=5379"}],"curies":[{"name":"wp","href":"https:\/\/api.w.org\/{rel}","templated":true}]}}