{"id":5370,"date":"2019-01-14T12:59:33","date_gmt":"2019-01-14T12:59:33","guid":{"rendered":"http:\/\/www.sindenfermeiro.com.br\/?p=5370"},"modified":"2026-04-26T14:19:09","modified_gmt":"2026-04-26T17:19:09","slug":"projeto-viva-bem-2019","status":"publish","type":"post","link":"https:\/\/sindenfermeiro.com.br\/index.php\/2019\/01\/14\/projeto-viva-bem-2019\/","title":{"rendered":"PROJETO VIVA BEM 2019"},"content":{"rendered":"<p>Dando in\u00edcio ao <strong>PROJETO VIVA BEM 2019<\/strong>, o SindEnfermeiro-DF convida as enfermeiras e enfermeiros sindicalizados a participarem da primeira a\u00e7\u00e3o do projeto esse ano.<br \/>\nA inten\u00e7\u00e3o \u00e9 promover a pr\u00e1tica de atividades f\u00edsicas e a ado\u00e7\u00e3o de um estilo de vida e h\u00e1bitos saud\u00e1veis. Esse evento abre as atividades do Projeto Viva Bem em 2019 e vai acontecer dia 02 de fevereiro no Clube da Sa\u00fade.<\/p>\n<p>N\u00e3o fique fora dessa!<\/p>\n<p>As inscri\u00e7\u00f5es s\u00e3o gratuitas e v\u00e3o at\u00e9 31 de janeiro, pelo telefone 3273-0307 ou na sede do SindEnfermeiro, SCRLN 714, Bloco H, Loja 2, Asa Norte.<br \/>\nCorre que as vagas limitadas!<\/p>\n<p><strong>PROGRAMA\u00c7\u00c3O:<\/strong><\/p>\n<p>Data:&#x1f5d3; S\u00e1bado, 02 de fevereiro.<\/p>\n<p>Local:&#x1f3e2; Clube da Sa\u00fade \u2013 SGAP, Lote G, \u00c1rea Especial \u2013 Bras\u00edlia, DF. (entrada pela EPTG, ao lado da CAESB)<\/p>\n<p>Hor\u00e1rio:&#x1f552; 09h.<\/p>\n<p><strong>&#x2757;&#x2757;LEMBRETE&#x2757;&#x2757;<\/strong><br \/>\n<strong>N\u00e3o se esque\u00e7a de usar roupas leves e t\u00eanis confort\u00e1vel.<\/strong><\/p>\n<p>&nbsp;<\/p>\n<p><img loading=\"lazy\" decoding=\"async\" class=\"alignleft size-full wp-image-5371\" src=\"http:\/\/www.sindenfermeiro.com.br\/wp-content\/uploads\/2019\/01\/Projeto-Viva-Bem-1.jpg\" alt=\"\" width=\"852\" height=\"1200\" \/><\/p>\n","protected":false},"excerpt":{"rendered":"<p>Dando in\u00edcio ao PROJETO VIVA BEM 2019, o SindEnfermeiro-DF convida as enfermeiras e enfermeiros sindicalizados a participarem da primeira a\u00e7\u00e3o do projeto esse ano. A inten\u00e7\u00e3o \u00e9 promover a pr\u00e1tica de atividades f\u00edsicas e a ado\u00e7\u00e3o de um estilo de vida e h\u00e1bitos saud\u00e1veis. Esse evento abre as atividades do Projeto Viva Bem em 2019 [&hellip;]<\/p>\n","protected":false},"author":6,"featured_media":5373,"comment_status":"closed","ping_status":"closed","sticky":false,"template":"","format":"standard","meta":{"footnotes":""},"categories":[6,13,5],"tags":[59,84,153,7,54,75,46,47,154,43,76],"class_list":["post-5370","post","type-post","status-publish","format-standard","has-post-thumbnail","hentry","category-noticias","category-rede-privada","category-rede-publica","tag-brasilia","tag-df","tag-distrito-federal","tag-enfermagem","tag-enfermeiros","tag-projeto","tag-rede-privada","tag-rede-publica","tag-saudavel","tag-saude","tag-sindicalizados"],"_links":{"self":[{"href":"https:\/\/sindenfermeiro.com.br\/index.php\/wp-json\/wp\/v2\/posts\/5370","targetHints":{"allow":["GET"]}}],"collection":[{"href":"https:\/\/sindenfermeiro.com.br\/index.php\/wp-json\/wp\/v2\/posts"}],"about":[{"href":"https:\/\/sindenfermeiro.com.br\/index.php\/wp-json\/wp\/v2\/types\/post"}],"author":[{"embeddable":true,"href":"https:\/\/sindenfermeiro.com.br\/index.php\/wp-json\/wp\/v2\/users\/6"}],"replies":[{"embeddable":true,"href":"https:\/\/sindenfermeiro.com.br\/index.php\/wp-json\/wp\/v2\/comments?post=5370"}],"version-history":[{"count":1,"href":"https:\/\/sindenfermeiro.com.br\/index.php\/wp-json\/wp\/v2\/posts\/5370\/revisions"}],"predecessor-version":[{"id":36794,"href":"https:\/\/sindenfermeiro.com.br\/index.php\/wp-json\/wp\/v2\/posts\/5370\/revisions\/36794"}],"wp:featuredmedia":[{"embeddable":true,"href":"https:\/\/sindenfermeiro.com.br\/index.php\/wp-json\/"}],"wp:attachment":[{"href":"https:\/\/sindenfermeiro.com.br\/index.php\/wp-json\/wp\/v2\/media?parent=5370"}],"wp:term":[{"taxonomy":"category","embeddable":true,"href":"https:\/\/sindenfermeiro.com.br\/index.php\/wp-json\/wp\/v2\/categories?post=5370"},{"taxonomy":"post_tag","embeddable":true,"href":"https:\/\/sindenfermeiro.com.br\/index.php\/wp-json\/wp\/v2\/tags?post=5370"}],"curies":[{"name":"wp","href":"https:\/\/api.w.org\/{rel}","templated":true}]}}