{"id":5345,"date":"2019-01-11T17:28:45","date_gmt":"2019-01-11T17:28:45","guid":{"rendered":"http:\/\/www.sindenfermeiro.com.br\/?p=5345"},"modified":"2026-04-26T14:58:51","modified_gmt":"2026-04-26T17:58:51","slug":"sindenfermeiro-participa-de-evento-do-lancamento-plano-emergencial-para-a-saude-do-df","status":"publish","type":"post","link":"https:\/\/sindenfermeiro.com.br\/index.php\/2019\/01\/11\/sindenfermeiro-participa-de-evento-do-lancamento-plano-emergencial-para-a-saude-do-df\/","title":{"rendered":"SindEnfermeiro participa de evento do lan\u00e7amento plano emergencial para a sa\u00fade do DF"},"content":{"rendered":"<p><img loading=\"lazy\" decoding=\"async\" class=\"wp-image-5346 aligncenter\" src=\"http:\/\/www.sindenfermeiro.com.br\/wp-content\/uploads\/2019\/01\/50407309_973699932825393_1906556005831933952_n-900x597.jpg\" alt=\"\" width=\"414\" height=\"274\" \/><\/p>\n<p>A presidente do Sindicato dos Enfermeiros do Distrito Federal (SindEnfermeiro-DF), Dayse Amar\u00edlio e o diretor executivo, M\u00e1rcio da Mata, estiveram presentes na \u00faltima segunda-feira (07) no lan\u00e7amento do Plano Emergencial da Sa\u00fade. Durante a apresenta\u00e7\u00e3o do plano, o governador Ibaneis Rocha (MDB) assinou decreto que declara estado de emerg\u00eancia na sa\u00fade do DF.<\/p>\n<p>Com essa medida, o governo po<span class=\"text_exposed_show\">de adquirir insumos e medicamentos sem licita\u00e7\u00e3o, contratar servidores, convocar concursados e estender cargas hor\u00e1rias de trabalho. O governador declarou tamb\u00e9m, que o modelo de gest\u00e3o implantado no Instituto Hospital de Base (IHBDF) poderia ser replicado em outras unidades de sa\u00fade.<\/span><\/p>\n<div class=\"text_exposed_show\">\n<p>A presidente do SindEnfermeiro, Dayse Amar\u00edlio, afirmou que o sindicato acompanhar\u00e1 de perto todas as a\u00e7\u00f5es do governo, tendo em vista que todos os processos de contrata\u00e7\u00e3o, aquisi\u00e7\u00e3o e convoca\u00e7\u00e3o, devem estar de acordo com a legisla\u00e7\u00e3o vigente.<\/p>\n<p>Ainda nessa semana, os diretores do SindEnfermeiro se reunir\u00e3o com o gabinete da Secretaria de Sa\u00fade para tratar de diversos assuntos. Entre eles a isonomia salarial dos enfermeiros, o d\u00e9ficit no RH, a reabertura da mesa de negocia\u00e7\u00e3o do SUS, reformula\u00e7\u00e3o da APS e entre outros compromissos firmados pelo governador Ibaneis Rocha durante a campanha.<\/p>\n<p>**Foto Renato Alves\/GDF.<\/p>\n<\/div>\n","protected":false},"excerpt":{"rendered":"<p>A presidente do Sindicato dos Enfermeiros do Distrito Federal (SindEnfermeiro-DF), Dayse Amar\u00edlio e o diretor executivo, M\u00e1rcio da Mata, estiveram presentes na \u00faltima segunda-feira (07) no lan\u00e7amento do Plano Emergencial da Sa\u00fade. Durante a apresenta\u00e7\u00e3o do plano, o governador Ibaneis Rocha (MDB) assinou decreto que declara estado de emerg\u00eancia na sa\u00fade do DF. Com essa [&hellip;]<\/p>\n","protected":false},"author":6,"featured_media":5346,"comment_status":"closed","ping_status":"closed","sticky":false,"template":"","format":"standard","meta":{"footnotes":""},"categories":[6,5],"tags":[7,99,121,8,44],"class_list":["post-5345","post","type-post","status-publish","format-standard","has-post-thumbnail","hentry","category-noticias","category-rede-publica","tag-enfermagem","tag-enfermagem-df","tag-ibaneis","tag-ibaneis-rocha","tag-sindenfermeiro-df"],"_links":{"self":[{"href":"https:\/\/sindenfermeiro.com.br\/index.php\/wp-json\/wp\/v2\/posts\/5345","targetHints":{"allow":["GET"]}}],"collection":[{"href":"https:\/\/sindenfermeiro.com.br\/index.php\/wp-json\/wp\/v2\/posts"}],"about":[{"href":"https:\/\/sindenfermeiro.com.br\/index.php\/wp-json\/wp\/v2\/types\/post"}],"author":[{"embeddable":true,"href":"https:\/\/sindenfermeiro.com.br\/index.php\/wp-json\/wp\/v2\/users\/6"}],"replies":[{"embeddable":true,"href":"https:\/\/sindenfermeiro.com.br\/index.php\/wp-json\/wp\/v2\/comments?post=5345"}],"version-history":[{"count":1,"href":"https:\/\/sindenfermeiro.com.br\/index.php\/wp-json\/wp\/v2\/posts\/5345\/revisions"}],"predecessor-version":[{"id":32714,"href":"https:\/\/sindenfermeiro.com.br\/index.php\/wp-json\/wp\/v2\/posts\/5345\/revisions\/32714"}],"wp:featuredmedia":[{"embeddable":true,"href":"https:\/\/sindenfermeiro.com.br\/index.php\/wp-json\/"}],"wp:attachment":[{"href":"https:\/\/sindenfermeiro.com.br\/index.php\/wp-json\/wp\/v2\/media?parent=5345"}],"wp:term":[{"taxonomy":"category","embeddable":true,"href":"https:\/\/sindenfermeiro.com.br\/index.php\/wp-json\/wp\/v2\/categories?post=5345"},{"taxonomy":"post_tag","embeddable":true,"href":"https:\/\/sindenfermeiro.com.br\/index.php\/wp-json\/wp\/v2\/tags?post=5345"}],"curies":[{"name":"wp","href":"https:\/\/api.w.org\/{rel}","templated":true}]}}