{"id":5276,"date":"2018-12-17T13:06:05","date_gmt":"2018-12-17T13:06:05","guid":{"rendered":"http:\/\/www.sindenfermeiro.com.br\/?p=5276"},"modified":"2026-04-26T15:34:14","modified_gmt":"2026-04-26T18:34:14","slug":"apos-denuncia-do-sindenfermeiro-diretoria-de-vigilancia-sanitaria-do-df-vai-ate-o-hospital-sao-matheus-averiguar-ambiente-de-trabalho","status":"publish","type":"post","link":"https:\/\/sindenfermeiro.com.br\/index.php\/2018\/12\/17\/apos-denuncia-do-sindenfermeiro-diretoria-de-vigilancia-sanitaria-do-df-vai-ate-o-hospital-sao-matheus-averiguar-ambiente-de-trabalho\/","title":{"rendered":"Ap\u00f3s denuncia do SindEnfermeiro, Diretoria de Vigil\u00e2ncia Sanit\u00e1ria do DF, vai at\u00e9 o Hospital S\u00e3o Matheus averiguar ambiente de trabalho"},"content":{"rendered":"<p>Por conta da den\u00fancia feita pelo Sindicato dos Enfermeiros do Distrito Federal (SindEnfermeiro-DF), o Minist\u00e9rio P\u00fablico do Trabalho do Distrito Federal (MPT-DF) determinou que a Vigil\u00e2ncia Sanit\u00e1ria averiguasse o ambiente de trabalho do Hospital S\u00e3o Mateus.<\/p>\n<p>Ap\u00f3s o recebimento de v\u00e1rias reclama\u00e7\u00f5es sobre as condi\u00e7\u00f5es de trabalho dos enfermeiros, bem como os atrasos salariais, o\u00a0<span class=\"text_exposed_show\">SindEnfermeiro realizou den\u00fancia formal junto ao MPT no m\u00eas de outubro. O \u00f3rg\u00e3o determinou a visita da Vigil\u00e2ncia Sanit\u00e1ria ao hospital para averiguar as irregularidades relatadas pelo sindicato.<\/span><\/p>\n<div class=\"text_exposed_show\">\n<p>Na visita, que ocorreu no final de novembro, foram constatadas in\u00fameras irregularidades, dentre elas na sala de repouso dos profissionais de enfermagem, al\u00e9m de problemas na copa e na seguran\u00e7a dos pacientes.<\/p>\n<p>O Hospital S\u00e3o Mateus tem o prazo de 60 dias para cumprir com as determina\u00e7\u00f5es que foram exigidas pela Vigil\u00e2ncia Sanit\u00e1ria, entre elas: reorganizar o espa\u00e7o f\u00edsico da sala de descanso dos profissionais de enfermagem, melhorando a ventila\u00e7\u00e3o; instalar ar-condicionado na sala de descanso dos profissionais de enfermagem, diminuindo o barulho existente na central e disponibilizar mais um micro-ondas na copa e instalar uma pia na copa.<\/p>\n<p>Al\u00e9m das determina\u00e7\u00f5es quanto ao ambiente de trabalho, a Vigil\u00e2ncia Sanit\u00e1ria detectou v\u00e1rios planos implementados pelo hospital que n\u00e3o est\u00e3o em conformidade com a legisla\u00e7\u00e3o, como o Plano de Seguran\u00e7a do Paciente e de Prescri\u00e7\u00e3o de Medicamento, entre outros.<\/p>\n<p>A partir da semana que vem os interessados poder\u00e3o ter acesso aos relat\u00f3rios da vigil\u00e2ncia, bem como informa\u00e7\u00f5es acerca do andamento da den\u00fancia junto ao MPT por meio do nosso site.<\/p>\n<p>O departamento jur\u00eddico do SindEnfermeiro est\u00e1 \u00e0 disposi\u00e7\u00e3o para eventuais d\u00favidas e atendimento aos profissionais de enfermagem do Hospital S\u00e3o Mateus.<\/p>\n<\/div>\n","protected":false},"excerpt":{"rendered":"<p>Por conta da den\u00fancia feita pelo Sindicato dos Enfermeiros do Distrito Federal (SindEnfermeiro-DF), o Minist\u00e9rio P\u00fablico do Trabalho do Distrito Federal (MPT-DF) determinou que a Vigil\u00e2ncia Sanit\u00e1ria averiguasse o ambiente de trabalho do Hospital S\u00e3o Mateus. Ap\u00f3s o recebimento de v\u00e1rias reclama\u00e7\u00f5es sobre as condi\u00e7\u00f5es de trabalho dos enfermeiros, bem como os atrasos salariais, o\u00a0SindEnfermeiro [&hellip;]<\/p>\n","protected":false},"author":6,"featured_media":3324,"comment_status":"closed","ping_status":"closed","sticky":false,"template":"","format":"standard","meta":{"footnotes":""},"categories":[6,13],"tags":[7,99,109,135,46],"class_list":["post-5276","post","type-post","status-publish","format-standard","has-post-thumbnail","hentry","category-noticias","category-rede-privada","tag-enfermagem","tag-enfermagem-df","tag-fiscaliza-sindenfermeiro","tag-hospital-sao-mateus","tag-rede-privada"],"_links":{"self":[{"href":"https:\/\/sindenfermeiro.com.br\/index.php\/wp-json\/wp\/v2\/posts\/5276","targetHints":{"allow":["GET"]}}],"collection":[{"href":"https:\/\/sindenfermeiro.com.br\/index.php\/wp-json\/wp\/v2\/posts"}],"about":[{"href":"https:\/\/sindenfermeiro.com.br\/index.php\/wp-json\/wp\/v2\/types\/post"}],"author":[{"embeddable":true,"href":"https:\/\/sindenfermeiro.com.br\/index.php\/wp-json\/wp\/v2\/users\/6"}],"replies":[{"embeddable":true,"href":"https:\/\/sindenfermeiro.com.br\/index.php\/wp-json\/wp\/v2\/comments?post=5276"}],"version-history":[{"count":1,"href":"https:\/\/sindenfermeiro.com.br\/index.php\/wp-json\/wp\/v2\/posts\/5276\/revisions"}],"predecessor-version":[{"id":32704,"href":"https:\/\/sindenfermeiro.com.br\/index.php\/wp-json\/wp\/v2\/posts\/5276\/revisions\/32704"}],"wp:featuredmedia":[{"embeddable":true,"href":"https:\/\/sindenfermeiro.com.br\/index.php\/wp-json\/"}],"wp:attachment":[{"href":"https:\/\/sindenfermeiro.com.br\/index.php\/wp-json\/wp\/v2\/media?parent=5276"}],"wp:term":[{"taxonomy":"category","embeddable":true,"href":"https:\/\/sindenfermeiro.com.br\/index.php\/wp-json\/wp\/v2\/categories?post=5276"},{"taxonomy":"post_tag","embeddable":true,"href":"https:\/\/sindenfermeiro.com.br\/index.php\/wp-json\/wp\/v2\/tags?post=5276"}],"curies":[{"name":"wp","href":"https:\/\/api.w.org\/{rel}","templated":true}]}}