{"id":5190,"date":"2018-12-06T19:33:17","date_gmt":"2018-12-06T19:33:17","guid":{"rendered":"http:\/\/www.sindenfermeiro.com.br\/?p=5190"},"modified":"2026-04-26T14:58:05","modified_gmt":"2026-04-26T17:58:05","slug":"kit-de-final-de-ano-sindenfermeiro","status":"publish","type":"post","link":"https:\/\/sindenfermeiro.com.br\/index.php\/2018\/12\/06\/kit-de-final-de-ano-sindenfermeiro\/","title":{"rendered":"Kit final de ano SindEnfermeiro"},"content":{"rendered":"<style type=\"text\/css\">\n#foogallery-gallery-5196 .fg-image { width: 640px; }<\/style>\n\t\t\t<div class=\"foogallery foogallery-container foogallery-image-viewer foogallery-link-image foogallery-lightbox-none fg-center fg-image-viewer fg-ready fg-light fg-border-thin fg-shadow-outline fg-loading-default fg-loaded-fade-in fg-caption-hover fg-hover-fade fg-hover-zoom\" id=\"foogallery-gallery-5196\" data-foogallery=\"{&quot;item&quot;:{&quot;showCaptionTitle&quot;:true,&quot;showCaptionDescription&quot;:true},&quot;lazy&quot;:true,&quot;template&quot;:{&quot;loop&quot;:true}}\" style=\"--fg-title-line-clamp: 0; --fg-description-line-clamp: 0;\" >\n\t<div class=\"fiv-inner\">\n\t\t<div class=\"fiv-inner-container\">\n\t\t\t\t\t<\/div>\n\t\t<div class=\"fiv-ctrls\">\n\t\t\t<button type=\"button\" class=\"fiv-prev\" title=\"Prev\"><span>Prev<\/span><\/button>\n\t\t\t<label class=\"fiv-count\"><span class=\"fiv-count-current\">1<\/span>of<span class=\"fiv-count-total\">4<\/span><\/label>\n\t\t\t<button type=\"button\" class=\"fiv-next\" title=\"Next\"><span>Next<\/span><\/button>\n\t\t<\/div>\n\t<\/div>\n<\/div>\n<p>O Sindicato dos Enfermeiros do DF esteve nessa quinta (06), no Instituto Hospital de Base, para entregar os kits de final de ano aos enfermeiros sindicalizados. Na ter\u00e7a e quarta \u2013 04 e 05 respectivamente, o SindEnfermeiro-DF foi at\u00e9 o Hospital Regional de Santa Maria para fazer a entrega aos profissionais da institui\u00e7\u00e3o.<\/p>\n<p>O kit de final de ano cont\u00e9m: um bloco de notas, um caderno personalizado, caneta, fone de ouvido, uma garrafinha pl\u00e1stica, al\u00e9m de um guia de bolso com manuais e procedimentos da enfermagem. O SindEnfermeiro estar\u00e1 presente em outros hospitais da Secretaria de Sa\u00fade do DF. Voc\u00ea tamb\u00e9m pode retirar seu kit na sede do sindicato, que fica localizada na SCRLN 714, Bloco H, Loja 2, Asa Norte.<\/p>\n<p>Confira a programa\u00e7\u00e3o completa abaixo:<\/p>\n<p>&nbsp;<\/p>\n<p><img loading=\"lazy\" decoding=\"async\" class=\"size-full wp-image-5204 alignnone\" src=\"http:\/\/www.sindenfermeiro.com.br\/wp-content\/uploads\/2018\/12\/PROGRAMA\u00c7\u00c3O-KIT-DEMZEMBRO.jpg\" alt=\"\" width=\"1080\" height=\"1920\" \/><img loading=\"lazy\" decoding=\"async\" class=\"alignleft size-full wp-image-5215\" src=\"http:\/\/www.sindenfermeiro.com.br\/wp-content\/uploads\/2018\/12\/PROGRAMA\u00c7\u00c3O-KIT-DEMZEMBRO-2-1-1.jpg\" alt=\"\" width=\"1080\" height=\"1920\" \/><\/p>\n<p>&nbsp;<\/p>\n<p>&nbsp;<\/p>\n","protected":false},"excerpt":{"rendered":"<p>O Sindicato dos Enfermeiros do DF esteve nessa quinta (06), no Instituto Hospital de Base, para entregar os kits de final de ano aos enfermeiros sindicalizados. Na ter\u00e7a e quarta \u2013 04 e 05 respectivamente, o SindEnfermeiro-DF foi at\u00e9 o Hospital Regional de Santa Maria para fazer a entrega aos profissionais da institui\u00e7\u00e3o. O kit [&hellip;]<\/p>\n","protected":false},"author":6,"featured_media":5197,"comment_status":"closed","ping_status":"closed","sticky":false,"template":"","format":"standard","meta":{"footnotes":""},"categories":[6,5],"tags":[],"class_list":["post-5190","post","type-post","status-publish","format-standard","has-post-thumbnail","hentry","category-noticias","category-rede-publica"],"_links":{"self":[{"href":"https:\/\/sindenfermeiro.com.br\/index.php\/wp-json\/wp\/v2\/posts\/5190","targetHints":{"allow":["GET"]}}],"collection":[{"href":"https:\/\/sindenfermeiro.com.br\/index.php\/wp-json\/wp\/v2\/posts"}],"about":[{"href":"https:\/\/sindenfermeiro.com.br\/index.php\/wp-json\/wp\/v2\/types\/post"}],"author":[{"embeddable":true,"href":"https:\/\/sindenfermeiro.com.br\/index.php\/wp-json\/wp\/v2\/users\/6"}],"replies":[{"embeddable":true,"href":"https:\/\/sindenfermeiro.com.br\/index.php\/wp-json\/wp\/v2\/comments?post=5190"}],"version-history":[{"count":1,"href":"https:\/\/sindenfermeiro.com.br\/index.php\/wp-json\/wp\/v2\/posts\/5190\/revisions"}],"predecessor-version":[{"id":36830,"href":"https:\/\/sindenfermeiro.com.br\/index.php\/wp-json\/wp\/v2\/posts\/5190\/revisions\/36830"}],"wp:featuredmedia":[{"embeddable":true,"href":"https:\/\/sindenfermeiro.com.br\/index.php\/wp-json\/"}],"wp:attachment":[{"href":"https:\/\/sindenfermeiro.com.br\/index.php\/wp-json\/wp\/v2\/media?parent=5190"}],"wp:term":[{"taxonomy":"category","embeddable":true,"href":"https:\/\/sindenfermeiro.com.br\/index.php\/wp-json\/wp\/v2\/categories?post=5190"},{"taxonomy":"post_tag","embeddable":true,"href":"https:\/\/sindenfermeiro.com.br\/index.php\/wp-json\/wp\/v2\/tags?post=5190"}],"curies":[{"name":"wp","href":"https:\/\/api.w.org\/{rel}","templated":true}]}}