{"id":5176,"date":"2018-12-06T14:08:35","date_gmt":"2018-12-06T14:08:35","guid":{"rendered":"http:\/\/www.sindenfermeiro.com.br\/?p=5176"},"modified":"2026-04-26T15:01:17","modified_gmt":"2026-04-26T18:01:17","slug":"presidente-do-sindenfermeiro-participa-do-iii-encontro-da-rede-brasileira-de-enfermagem-e-seguranca-do-paciente","status":"publish","type":"post","link":"https:\/\/sindenfermeiro.com.br\/index.php\/2018\/12\/06\/presidente-do-sindenfermeiro-participa-do-iii-encontro-da-rede-brasileira-de-enfermagem-e-seguranca-do-paciente\/","title":{"rendered":"Presidente do SindEnfermeiro participa do III Encontro da Rede Brasileira de Enfermagem e Seguran\u00e7a do Paciente"},"content":{"rendered":"<style type=\"text\/css\">\n#foogallery-gallery-5178 .fg-image { width: 640px; }<\/style>\n\t\t\t<div class=\"foogallery foogallery-container foogallery-image-viewer foogallery-link-image foogallery-lightbox-none fg-center fg-image-viewer fg-ready fg-light fg-border-thin fg-shadow-outline fg-loading-default fg-loaded-fade-in fg-caption-hover fg-hover-fade fg-hover-zoom\" id=\"foogallery-gallery-5178\" data-foogallery=\"{&quot;item&quot;:{&quot;showCaptionTitle&quot;:true,&quot;showCaptionDescription&quot;:true},&quot;lazy&quot;:true,&quot;template&quot;:{&quot;loop&quot;:true}}\" style=\"--fg-title-line-clamp: 0; --fg-description-line-clamp: 0;\" >\n\t<div class=\"fiv-inner\">\n\t\t<div class=\"fiv-inner-container\">\n\t\t\t\t\t<\/div>\n\t\t<div class=\"fiv-ctrls\">\n\t\t\t<button type=\"button\" class=\"fiv-prev\" title=\"Prev\"><span>Prev<\/span><\/button>\n\t\t\t<label class=\"fiv-count\"><span class=\"fiv-count-current\">1<\/span>of<span class=\"fiv-count-total\">5<\/span><\/label>\n\t\t\t<button type=\"button\" class=\"fiv-next\" title=\"Next\"><span>Next<\/span><\/button>\n\t\t<\/div>\n\t<\/div>\n<\/div>\n<p>Dayse Amar\u00edlio, presidente do Sindicato dos Enfermeiros do Distrito Federal (SindEnfermeiro-DF), participou na \u00faltima quarta-feira (05) do III Encontro da Rede Brasileira de Enfermagem e Seguran\u00e7a do Paciente (REBRAENSP), no audit\u00f3rio 1 da Faculdade de Sa\u00fade da Universidade de Bras\u00edlia (UnB).<\/p>\n<p>No encontro, Dayse falou sobre a atua\u00e7\u00e3o do sindicato nas visitas aos hospitais \u2013 no sentido de fiscalizar as condi\u00e7\u00f5es de trabalho das unidades, al\u00e9m das atribui\u00e7\u00f5es da entidade como um instrumento de defesa dos direitos do trabalhador.<\/p>\n<p>O evento, que teve apoio do SindEnfermeiro-DF, contou com a participa\u00e7\u00e3o de professores, especialistas e profissionais da \u00e1rea da enfermagem para tra\u00e7ar um panorama geral da seguran\u00e7a no \u00e2mbito do paciente e as perspectivas acerca do tema.<\/p>\n","protected":false},"excerpt":{"rendered":"<p>Dayse Amar\u00edlio, presidente do Sindicato dos Enfermeiros do Distrito Federal (SindEnfermeiro-DF), participou na \u00faltima quarta-feira (05) do III Encontro da Rede Brasileira de Enfermagem e Seguran\u00e7a do Paciente (REBRAENSP), no audit\u00f3rio 1 da Faculdade de Sa\u00fade da Universidade de Bras\u00edlia (UnB). No encontro, Dayse falou sobre a atua\u00e7\u00e3o do sindicato nas visitas aos hospitais \u2013 [&hellip;]<\/p>\n","protected":false},"author":6,"featured_media":5186,"comment_status":"closed","ping_status":"closed","sticky":false,"template":"","format":"standard","meta":{"footnotes":""},"categories":[6,5],"tags":[21],"class_list":["post-5176","post","type-post","status-publish","format-standard","has-post-thumbnail","hentry","category-noticias","category-rede-publica","tag-sindenfermeiro"],"_links":{"self":[{"href":"https:\/\/sindenfermeiro.com.br\/index.php\/wp-json\/wp\/v2\/posts\/5176","targetHints":{"allow":["GET"]}}],"collection":[{"href":"https:\/\/sindenfermeiro.com.br\/index.php\/wp-json\/wp\/v2\/posts"}],"about":[{"href":"https:\/\/sindenfermeiro.com.br\/index.php\/wp-json\/wp\/v2\/types\/post"}],"author":[{"embeddable":true,"href":"https:\/\/sindenfermeiro.com.br\/index.php\/wp-json\/wp\/v2\/users\/6"}],"replies":[{"embeddable":true,"href":"https:\/\/sindenfermeiro.com.br\/index.php\/wp-json\/wp\/v2\/comments?post=5176"}],"version-history":[{"count":1,"href":"https:\/\/sindenfermeiro.com.br\/index.php\/wp-json\/wp\/v2\/posts\/5176\/revisions"}],"predecessor-version":[{"id":32957,"href":"https:\/\/sindenfermeiro.com.br\/index.php\/wp-json\/wp\/v2\/posts\/5176\/revisions\/32957"}],"wp:featuredmedia":[{"embeddable":true,"href":"https:\/\/sindenfermeiro.com.br\/index.php\/wp-json\/"}],"wp:attachment":[{"href":"https:\/\/sindenfermeiro.com.br\/index.php\/wp-json\/wp\/v2\/media?parent=5176"}],"wp:term":[{"taxonomy":"category","embeddable":true,"href":"https:\/\/sindenfermeiro.com.br\/index.php\/wp-json\/wp\/v2\/categories?post=5176"},{"taxonomy":"post_tag","embeddable":true,"href":"https:\/\/sindenfermeiro.com.br\/index.php\/wp-json\/wp\/v2\/tags?post=5176"}],"curies":[{"name":"wp","href":"https:\/\/api.w.org\/{rel}","templated":true}]}}