{"id":5055,"date":"2018-11-30T13:31:28","date_gmt":"2018-11-30T13:31:28","guid":{"rendered":"http:\/\/www.sindenfermeiro.com.br\/?p=5055"},"modified":"2026-04-26T14:58:45","modified_gmt":"2026-04-26T17:58:45","slug":"nota-indicacao-do-secretario-de-saude","status":"publish","type":"post","link":"https:\/\/sindenfermeiro.com.br\/index.php\/2018\/11\/30\/nota-indicacao-do-secretario-de-saude\/","title":{"rendered":"Nota: Indica\u00e7\u00e3o do secret\u00e1rio de sa\u00fade"},"content":{"rendered":"<p><span style=\"font-weight: 400\">O Sindicato dos Enfermeiros do Distrito Federal (SindEnfermeiro-DF) deseja muito sucesso \u00e0 gest\u00e3o do novo secret\u00e1rio de sa\u00fade. Reiteramos nosso compromisso e desejo em dialogar com a nova gest\u00e3o, para que juntos possamos tra\u00e7ar estrat\u00e9gias para a sa\u00fade p\u00fablica do Distrito Federal. Esperamos que Osnei Okumoto tenha um olhar sens\u00edvel \u00e0s necessidades dos servidores e para as demandas da sa\u00fade. <\/span><\/p>\n<p><span style=\"font-weight: 400\">Depois de um governo em que a sa\u00fade p\u00fablica e os servidores se viram t\u00e3o atacados e desvalorizados por uma gest\u00e3o que n\u00e3o estava aberta \u00e0 negocia\u00e7\u00e3o, esperamos que o secret\u00e1rio tenha sensibilidade \u00e0s quest\u00f5es levantadas pelas entidades representativas. <\/span><\/p>\n<p><span style=\"font-weight: 400\">O SindEnfermeiro-DF, \u00a0deseja uma gest\u00e3o que produza bons frutos, principalmente para a popula\u00e7\u00e3o do DF e todos n\u00f3s trabalhadores da sa\u00fade. O sindicato manter\u00e1 postura independente e atuante, pois essas sempre s\u00e3o nossas premissas : ser uma institui\u00e7\u00e3o aut\u00f4noma e que sempre estar\u00e1 em defesa da sa\u00fade e dos profissionais de enfermagem. \u00a0<\/span><\/p>\n","protected":false},"excerpt":{"rendered":"<p>O Sindicato dos Enfermeiros do Distrito Federal (SindEnfermeiro-DF) deseja muito sucesso \u00e0 gest\u00e3o do novo secret\u00e1rio de sa\u00fade. Reiteramos nosso compromisso e desejo em dialogar com a nova gest\u00e3o, para que juntos possamos tra\u00e7ar estrat\u00e9gias para a sa\u00fade p\u00fablica do Distrito Federal. Esperamos que Osnei Okumoto tenha um olhar sens\u00edvel \u00e0s necessidades dos servidores e [&hellip;]<\/p>\n","protected":false},"author":6,"featured_media":3324,"comment_status":"closed","ping_status":"closed","sticky":false,"template":"","format":"standard","meta":{"footnotes":""},"categories":[6,5],"tags":[7,99,10,151,81],"class_list":["post-5055","post","type-post","status-publish","format-standard","has-post-thumbnail","hentry","category-noticias","category-rede-publica","tag-enfermagem","tag-enfermagem-df","tag-secretaria-de-saude","tag-secretario-de-saude","tag-ses-df"],"_links":{"self":[{"href":"https:\/\/sindenfermeiro.com.br\/index.php\/wp-json\/wp\/v2\/posts\/5055","targetHints":{"allow":["GET"]}}],"collection":[{"href":"https:\/\/sindenfermeiro.com.br\/index.php\/wp-json\/wp\/v2\/posts"}],"about":[{"href":"https:\/\/sindenfermeiro.com.br\/index.php\/wp-json\/wp\/v2\/types\/post"}],"author":[{"embeddable":true,"href":"https:\/\/sindenfermeiro.com.br\/index.php\/wp-json\/wp\/v2\/users\/6"}],"replies":[{"embeddable":true,"href":"https:\/\/sindenfermeiro.com.br\/index.php\/wp-json\/wp\/v2\/comments?post=5055"}],"version-history":[{"count":1,"href":"https:\/\/sindenfermeiro.com.br\/index.php\/wp-json\/wp\/v2\/posts\/5055\/revisions"}],"predecessor-version":[{"id":32952,"href":"https:\/\/sindenfermeiro.com.br\/index.php\/wp-json\/wp\/v2\/posts\/5055\/revisions\/32952"}],"wp:featuredmedia":[{"embeddable":true,"href":"https:\/\/sindenfermeiro.com.br\/index.php\/wp-json\/"}],"wp:attachment":[{"href":"https:\/\/sindenfermeiro.com.br\/index.php\/wp-json\/wp\/v2\/media?parent=5055"}],"wp:term":[{"taxonomy":"category","embeddable":true,"href":"https:\/\/sindenfermeiro.com.br\/index.php\/wp-json\/wp\/v2\/categories?post=5055"},{"taxonomy":"post_tag","embeddable":true,"href":"https:\/\/sindenfermeiro.com.br\/index.php\/wp-json\/wp\/v2\/tags?post=5055"}],"curies":[{"name":"wp","href":"https:\/\/api.w.org\/{rel}","templated":true}]}}