{"id":4999,"date":"2018-11-26T15:20:59","date_gmt":"2018-11-26T15:20:59","guid":{"rendered":"http:\/\/www.sindenfermeiro.com.br\/?p=4999"},"modified":"2026-04-26T16:16:37","modified_gmt":"2026-04-26T19:16:37","slug":"sindenfermeiro-visita-upa-de-ceilandia-para-apurar-condicoes-de-trabalho","status":"publish","type":"post","link":"https:\/\/sindenfermeiro.com.br\/index.php\/2018\/11\/26\/sindenfermeiro-visita-upa-de-ceilandia-para-apurar-condicoes-de-trabalho\/","title":{"rendered":"SindEnfermeiro visita UPA de Ceil\u00e2ndia para apurar condi\u00e7\u00f5es de trabalho"},"content":{"rendered":"<style type=\"text\/css\">\n#foogallery-gallery-5016 .fg-image { width: 640px; }<\/style>\n\t\t\t<div class=\"foogallery foogallery-container foogallery-image-viewer foogallery-link-image foogallery-lightbox-none fg-center fg-image-viewer fg-ready fg-light fg-border-thin fg-shadow-outline fg-loading-default fg-loaded-fade-in fg-caption-hover fg-hover-fade fg-hover-zoom\" id=\"foogallery-gallery-5016\" data-foogallery=\"{&quot;item&quot;:{&quot;showCaptionTitle&quot;:true,&quot;showCaptionDescription&quot;:true},&quot;lazy&quot;:true,&quot;template&quot;:{&quot;loop&quot;:true}}\" style=\"--fg-title-line-clamp: 0; --fg-description-line-clamp: 0;\" >\n\t<div class=\"fiv-inner\">\n\t\t<div class=\"fiv-inner-container\">\n\t\t\t\t\t<\/div>\n\t\t<div class=\"fiv-ctrls\">\n\t\t\t<button type=\"button\" class=\"fiv-prev\" title=\"Prev\"><span>Prev<\/span><\/button>\n\t\t\t<label class=\"fiv-count\"><span class=\"fiv-count-current\">1<\/span>of<span class=\"fiv-count-total\">12<\/span><\/label>\n\t\t\t<button type=\"button\" class=\"fiv-next\" title=\"Next\"><span>Next<\/span><\/button>\n\t\t<\/div>\n\t<\/div>\n<\/div>\n<p>O Sindicato dos Enfermeiros do Distrito Federal (SindEnfermeiro-DF) esteve, na \u00faltima quinta (22), na Unidade de Pronto Atendimento (UPA) de Ceil\u00e2ndia, para averiguar as condi\u00e7\u00f5es gerais e de gest\u00e3o de pessoal dentro da unidade. Na visita, estiveram presentes o diretor executivo do SindEnfermeiro, Marcio da Mata, o diretor jur\u00eddico, S\u00e9rgio Lima Gon\u00e7alves e os advogados do departamento jur\u00eddico do sindicato.<\/p>\n<p>Os diretores se reuniram com a gerente-geral da UPA, Vilma Lobo, que relatou as dificuldades da equipe na presta\u00e7\u00e3o do atendimento, especialmente quanto \u00e0 estrutura f\u00edsica da unidade \u2013 que se encontra sucateada, e do estresse acumulado da equipe, que tem sofrido com o d\u00e9ficit de pessoal.<\/p>\n<p>Durante a reuni\u00e3o, foram feitos questionamentos sobre relatos de ass\u00e9dio moral por meio das redes sociais e o veto \u00e0 realiza\u00e7\u00e3o de Trabalho em Per\u00edodo Definido (TPD) fora da unidade. Segundo a gestora, os profissionais n\u00e3o est\u00e3o proibidos de realizar a TPD em outras unidades, por\u00e9m, a pol\u00edtica adotada \u00e9 de priorizar o cumprimento dentro da pr\u00f3pria UPA, em vista da car\u00eancia de servidores.<\/p>\n<p>Ainda de acordo com Vilma, a unidade recebeu novos enfermeiros em novembro de 2017. Por\u00e9m, por conta do alto n\u00famero de atestados os existe um desfalque nas equipes de atendimento.<\/p>\n<p>O SindEnfermeiro est\u00e1 averiguando todas as den\u00fancias e far\u00e1 outra visita \u00e0 UPA para ouvir tamb\u00e9m os enfermeiros. Buscaremos junto com os trabalhadores e com a gest\u00e3o, encontrar uma sa\u00edda para essa situa\u00e7\u00e3o.<\/p>\n<p>Lutar por condi\u00e7\u00f5es de trabalho dignas e pela valoriza\u00e7\u00e3o dos enfermeiros \u00e9 uma bandeira pela qual o SindEnfermeiro jamais deixar\u00e1 de lutar. Visitas nas unidades de sa\u00fade e apura\u00e7\u00e3o de den\u00fancias s\u00e3o algumas das a\u00e7\u00f5es que a atual gest\u00e3o sindicato vem desenvolvendo.<\/p>\n<p>&nbsp;<\/p>\n<p>Enfermagem, a conquista \u00e9 sua, a luta \u00e9 nossa!<\/p>\n","protected":false},"excerpt":{"rendered":"<p>O Sindicato dos Enfermeiros do Distrito Federal (SindEnfermeiro-DF) esteve, na \u00faltima quinta (22), na Unidade de Pronto Atendimento (UPA) de Ceil\u00e2ndia, para averiguar as condi\u00e7\u00f5es gerais e de gest\u00e3o de pessoal dentro da unidade. Na visita, estiveram presentes o diretor executivo do SindEnfermeiro, Marcio da Mata, o diretor jur\u00eddico, S\u00e9rgio Lima Gon\u00e7alves e os advogados [&hellip;]<\/p>\n","protected":false},"author":6,"featured_media":5003,"comment_status":"closed","ping_status":"closed","sticky":false,"template":"","format":"standard","meta":{"footnotes":""},"categories":[6,5],"tags":[7,99,109,12,131,150,51],"class_list":["post-4999","post","type-post","status-publish","format-standard","has-post-thumbnail","hentry","category-noticias","category-rede-publica","tag-enfermagem","tag-enfermagem-df","tag-fiscaliza-sindenfermeiro","tag-sindenfemeirodf","tag-sindenfermeirodf","tag-upa-ceilandia","tag-upas"],"_links":{"self":[{"href":"https:\/\/sindenfermeiro.com.br\/index.php\/wp-json\/wp\/v2\/posts\/4999","targetHints":{"allow":["GET"]}}],"collection":[{"href":"https:\/\/sindenfermeiro.com.br\/index.php\/wp-json\/wp\/v2\/posts"}],"about":[{"href":"https:\/\/sindenfermeiro.com.br\/index.php\/wp-json\/wp\/v2\/types\/post"}],"author":[{"embeddable":true,"href":"https:\/\/sindenfermeiro.com.br\/index.php\/wp-json\/wp\/v2\/users\/6"}],"replies":[{"embeddable":true,"href":"https:\/\/sindenfermeiro.com.br\/index.php\/wp-json\/wp\/v2\/comments?post=4999"}],"version-history":[{"count":1,"href":"https:\/\/sindenfermeiro.com.br\/index.php\/wp-json\/wp\/v2\/posts\/4999\/revisions"}],"predecessor-version":[{"id":32951,"href":"https:\/\/sindenfermeiro.com.br\/index.php\/wp-json\/wp\/v2\/posts\/4999\/revisions\/32951"}],"wp:featuredmedia":[{"embeddable":true,"href":"https:\/\/sindenfermeiro.com.br\/index.php\/wp-json\/"}],"wp:attachment":[{"href":"https:\/\/sindenfermeiro.com.br\/index.php\/wp-json\/wp\/v2\/media?parent=4999"}],"wp:term":[{"taxonomy":"category","embeddable":true,"href":"https:\/\/sindenfermeiro.com.br\/index.php\/wp-json\/wp\/v2\/categories?post=4999"},{"taxonomy":"post_tag","embeddable":true,"href":"https:\/\/sindenfermeiro.com.br\/index.php\/wp-json\/wp\/v2\/tags?post=4999"}],"curies":[{"name":"wp","href":"https:\/\/api.w.org\/{rel}","templated":true}]}}