{"id":4930,"date":"2018-11-22T18:22:59","date_gmt":"2018-11-22T18:22:59","guid":{"rendered":"http:\/\/www.sindenfermeiro.com.br\/?p=4930"},"modified":"2026-04-26T15:01:37","modified_gmt":"2026-04-26T18:01:37","slug":"sindenfemeiro-acompanha-manifestacao-a-favor-de-enfermeiro-na-upa-de-samambaia","status":"publish","type":"post","link":"https:\/\/sindenfermeiro.com.br\/index.php\/2018\/11\/22\/sindenfemeiro-acompanha-manifestacao-a-favor-de-enfermeiro-na-upa-de-samambaia\/","title":{"rendered":"SindEnfemeiro acompanha manifesta\u00e7\u00e3o a favor de enfermeiro na UPA de Samambaia"},"content":{"rendered":"<style type=\"text\/css\">\n#foogallery-gallery-4938 .fg-image { width: 640px; }<\/style>\n\t\t\t<div class=\"foogallery foogallery-container foogallery-image-viewer foogallery-link-image foogallery-lightbox-none fg-center fg-image-viewer fg-ready fg-light fg-border-thin fg-shadow-outline fg-loading-default fg-loaded-fade-in fg-caption-hover fg-hover-fade fg-hover-zoom\" id=\"foogallery-gallery-4938\" data-foogallery=\"{&quot;item&quot;:{&quot;showCaptionTitle&quot;:true,&quot;showCaptionDescription&quot;:true},&quot;lazy&quot;:true,&quot;template&quot;:{&quot;loop&quot;:true}}\" style=\"--fg-title-line-clamp: 0; --fg-description-line-clamp: 0;\" >\n\t<div class=\"fiv-inner\">\n\t\t<div class=\"fiv-inner-container\">\n\t\t\t\t\t<\/div>\n\t\t<div class=\"fiv-ctrls\">\n\t\t\t<button type=\"button\" class=\"fiv-prev\" title=\"Prev\"><span>Prev<\/span><\/button>\n\t\t\t<label class=\"fiv-count\"><span class=\"fiv-count-current\">1<\/span>of<span class=\"fiv-count-total\">4<\/span><\/label>\n\t\t\t<button type=\"button\" class=\"fiv-next\" title=\"Next\"><span>Next<\/span><\/button>\n\t\t<\/div>\n\t<\/div>\n<\/div>\n<p>O Sindicato dos Enfermeiros do Distrito Federal (SindEnfermeiro-DF) esteve, na \u00faltima quarta (21), na Unidade de Pronto Atendimento (UPA) de Samambaia, para acompanhar a manifesta\u00e7\u00e3o a favor do enfermeiro Andr\u00e9 Soares e apurar mais detalhes sobre o caso.<\/p>\n<p>Na segunda (19), uma mat\u00e9ria veiculada no programa DFTV 2\u00aa edi\u00e7\u00e3o acusou de forma equivocada que Andr\u00e9 n\u00e3o estaria cumprindo sua escala de trabalho. Nos dias mencionados pela reportagem, o enfermeiro encontrava-se de abono e banco de horas, todos devidamente autorizados pela chefia imediata e documentados.<\/p>\n<p>O diretor-executivo do SindEnfermeiro-DF, Tarc\u00edsio Faria, manifestou apoio do sindicato ao enfermeiro: \u201cO sindicato estar\u00e1 sempre na defesa dos bons servidores, como o Andr\u00e9, e n\u00e3o aceitaremos que a boa reputa\u00e7\u00e3o desses profissionais seja manchada, pois s\u00e3o eles que fazem com que o atendimento prestado \u00e0 popula\u00e7\u00e3o seja bom, apesar de todas as defici\u00eancias de estrutura.\u201d<\/p>\n<p>Os enfermeiros, t\u00e9cnicos e servidores da unidade, que se reuniram em protesto ao afastamento do servidor, apresentaram documento assinado por quase 100 profissionais da equipe, que foi enviado ao Servi\u00e7o Eletr\u00f4nico de Informa\u00e7\u00f5es (SEI) do Governo do Distrito Federal (GDF). Eles destacam, ainda, o respaldo que o enfermeiro tem dentro da equipe, e o descrevem como um servidor prestativo e sempre disposto a ajudar.<\/p>\n<p>Emivaldo Mendes, enfermeiro na unidade h\u00e1 quase 6 anos, destaca a import\u00e2ncia da atua\u00e7\u00e3o do SindEnfermeiro-DF na apura\u00e7\u00e3o da den\u00fancia. \u201c\u00c9 importante e se faz necess\u00e1ria a presen\u00e7a do sindicato na defesa do servidor, pois as acusa\u00e7\u00f5es contra ele foram feitas sem qualquer fundamento.\u201d<\/p>\n<p>Segundo Ariadne Roberta, enfermeira h\u00e1 3 anos no local, o trabalho do servidor ajudou a transformar a unidade de Samambaia em refer\u00eancia para as demais: \u201cA UPA da Samambaia \u00e9 um modelo que vem sendo seguido por outras unidades, e o Andr\u00e9 foi respons\u00e1vel por organizar todas as rotinas relacionadas \u00e0 enfermagem, exercendo seu trabalho com excel\u00eancia.\u201d<\/p>\n<p>Luci Sousa,\u00a0 gerente da unidade repudiou as acusa\u00e7\u00f5es feitas ao enfermeiro, e ressaltou a confian\u00e7a depositada em seu trabalho: \u201cEssas informa\u00e7\u00f5es contra ele s\u00e3o todas mentirosas. O Andr\u00e9 \u00e9 um excelente profissional, que tem a minha total confian\u00e7a e que qualquer chefia gostaria de ter em seu quadro.\u201d<\/p>\n<p>O SindEnfermeiro-DF reitera seu papel na defesa e no combate \u00e0 qualquer injusti\u00e7a cometida contra os trabalhadores da enfermagem no Distrito Federal.<\/p>\n<p>&nbsp;<\/p>\n","protected":false},"excerpt":{"rendered":"<p>O Sindicato dos Enfermeiros do Distrito Federal (SindEnfermeiro-DF) esteve, na \u00faltima quarta (21), na Unidade de Pronto Atendimento (UPA) de Samambaia, para acompanhar a manifesta\u00e7\u00e3o a favor do enfermeiro Andr\u00e9 Soares e apurar mais detalhes sobre o caso. Na segunda (19), uma mat\u00e9ria veiculada no programa DFTV 2\u00aa edi\u00e7\u00e3o acusou de forma equivocada que Andr\u00e9 [&hellip;]<\/p>\n","protected":false},"author":6,"featured_media":4932,"comment_status":"closed","ping_status":"closed","sticky":false,"template":"","format":"standard","meta":{"footnotes":""},"categories":[6,5],"tags":[7,99,109,12,56,147,51],"class_list":["post-4930","post","type-post","status-publish","format-standard","has-post-thumbnail","hentry","category-noticias","category-rede-publica","tag-enfermagem","tag-enfermagem-df","tag-fiscaliza-sindenfermeiro","tag-sindenfemeirodf","tag-sindicato","tag-upa-samambaia","tag-upas"],"_links":{"self":[{"href":"https:\/\/sindenfermeiro.com.br\/index.php\/wp-json\/wp\/v2\/posts\/4930","targetHints":{"allow":["GET"]}}],"collection":[{"href":"https:\/\/sindenfermeiro.com.br\/index.php\/wp-json\/wp\/v2\/posts"}],"about":[{"href":"https:\/\/sindenfermeiro.com.br\/index.php\/wp-json\/wp\/v2\/types\/post"}],"author":[{"embeddable":true,"href":"https:\/\/sindenfermeiro.com.br\/index.php\/wp-json\/wp\/v2\/users\/6"}],"replies":[{"embeddable":true,"href":"https:\/\/sindenfermeiro.com.br\/index.php\/wp-json\/wp\/v2\/comments?post=4930"}],"version-history":[{"count":1,"href":"https:\/\/sindenfermeiro.com.br\/index.php\/wp-json\/wp\/v2\/posts\/4930\/revisions"}],"predecessor-version":[{"id":32946,"href":"https:\/\/sindenfermeiro.com.br\/index.php\/wp-json\/wp\/v2\/posts\/4930\/revisions\/32946"}],"wp:featuredmedia":[{"embeddable":true,"href":"https:\/\/sindenfermeiro.com.br\/index.php\/wp-json\/"}],"wp:attachment":[{"href":"https:\/\/sindenfermeiro.com.br\/index.php\/wp-json\/wp\/v2\/media?parent=4930"}],"wp:term":[{"taxonomy":"category","embeddable":true,"href":"https:\/\/sindenfermeiro.com.br\/index.php\/wp-json\/wp\/v2\/categories?post=4930"},{"taxonomy":"post_tag","embeddable":true,"href":"https:\/\/sindenfermeiro.com.br\/index.php\/wp-json\/wp\/v2\/tags?post=4930"}],"curies":[{"name":"wp","href":"https:\/\/api.w.org\/{rel}","templated":true}]}}