{"id":4905,"date":"2018-11-21T16:45:19","date_gmt":"2018-11-21T16:45:19","guid":{"rendered":"http:\/\/www.sindenfermeiro.com.br\/?p=4905"},"modified":"2026-04-26T14:22:33","modified_gmt":"2026-04-26T17:22:33","slug":"baile-dos-enfermeiros-2018-reune-a-categoria-em-noite-de-festa-e-celebracao","status":"publish","type":"post","link":"https:\/\/sindenfermeiro.com.br\/index.php\/2018\/11\/21\/baile-dos-enfermeiros-2018-reune-a-categoria-em-noite-de-festa-e-celebracao\/","title":{"rendered":"Baile dos enfermeiros 2018 re\u00fane a categoria em noite de festa e celebra\u00e7\u00e3o"},"content":{"rendered":"<style type=\"text\/css\">\n#foogallery-gallery-4913 .fg-image { width: 640px; }<\/style>\n\t\t\t<div class=\"foogallery foogallery-container foogallery-image-viewer foogallery-link-image foogallery-lightbox-none fg-center fg-image-viewer fg-ready fg-light fg-border-thin fg-shadow-outline fg-loading-default fg-loaded-fade-in fg-caption-hover fg-hover-fade fg-hover-zoom\" id=\"foogallery-gallery-4913\" data-foogallery=\"{&quot;item&quot;:{&quot;showCaptionTitle&quot;:true,&quot;showCaptionDescription&quot;:true},&quot;lazy&quot;:true,&quot;template&quot;:{&quot;loop&quot;:true}}\" style=\"--fg-title-line-clamp: 0; --fg-description-line-clamp: 0;\" >\n\t<div class=\"fiv-inner\">\n\t\t<div class=\"fiv-inner-container\">\n\t\t\t\t\t<\/div>\n\t\t<div class=\"fiv-ctrls\">\n\t\t\t<button type=\"button\" class=\"fiv-prev\" title=\"Prev\"><span>Prev<\/span><\/button>\n\t\t\t<label class=\"fiv-count\"><span class=\"fiv-count-current\">1<\/span>of<span class=\"fiv-count-total\">3<\/span><\/label>\n\t\t\t<button type=\"button\" class=\"fiv-next\" title=\"Next\"><span>Next<\/span><\/button>\n\t\t<\/div>\n\t<\/div>\n<\/div>\n<p>O Sindicato dos Enfermeiros do Distrito Federal (SindEnfermeiro-DF) realizou, no \u00faltimo s\u00e1bado (17), o Baile dos Enfermeiros 2018. O evento mais tradicional da categoria no DF reuniu mais de 2 mil pessoas no Opera Hall, entre profissionais da enfermagem, amigos e convidados.<\/p>\n<p>Para a presidente do SindEnfermeiro, Dayse Amar\u00edlio, o baile \u00e9 um momento de importante de confraterniza\u00e7\u00e3o da categoria, n\u00e3o s\u00f3 para rever amigos e se divertir. \u201cEssa \u00e9 uma oportunidade para renovarmos as esperan\u00e7as, trocarmos energia com as pessoas e compartilharmos as experi\u00eancias exitosas e tamb\u00e9m as lutas que passamos juntos\u201d, ressaltou Dayse.<\/p>\n<p>O p\u00fablico p\u00f4de desfrutar de v\u00e1rios ambientes e atrativos, como lounge, pista de dan\u00e7a com DJ e espa\u00e7o infantil. Al\u00e9m de apresenta\u00e7\u00e3o com a banda DF Music \u2013 com repert\u00f3rio dos mais variados estilos musicais, houve ainda a distribui\u00e7\u00e3o de kits com brindes.<\/p>\n<p>Uma novidade esse ano foi que as convidadas puderam retocar sua maquiagem no banheiro feminino com uma equipe de maquiadores profissionais.<\/p>\n<p>Segundo Jorge Henrique, secret\u00e1rio-geral do SindEnfermeiro-DF,\u00a0o Baile dos Enfermeiros \u00e9 uma\u00a0marca registrada da Enfermagem do DF, e um\u00a0importante momento de confraterniza\u00e7\u00e3o. \u201c\u00c9 justo que\u00a0dediquemos um momento no ano para rever amigos, dan\u00e7ar, falar de coisas boas, e o baile cumpre esta fun\u00e7\u00e3o\u201d.<\/p>\n<p>O diretor executivo do sindicato, Tarc\u00edsio Faria, ressaltou a import\u00e2ncia do baile como um momento para avaliar o que foi feito e tra\u00e7ar estrat\u00e9gias para o futuro. &#8220;O ano de 2018 foi marcado por muitas lutas, com um sindicato atuante e participando das discuss\u00f5es importantes para a categoria. Nada mais justo do que o baile no final do ano para fazer um balan\u00e7o do que foi feito e para confraternizar entre amigos&#8221;.<\/p>\n<p>O Sindicato dos Enfermeiros do Distrito Federal agradece imensamente a todos que prestigiaram a edi\u00e7\u00e3o de 2018 do Baile dos Enfermeiros, e aos que fizeram essa grande celebra\u00e7\u00e3o acontecer. A atual gest\u00e3o Renova\u00e7\u00e3o tem se empenhado para que voc\u00ea, sindicalizado, possa desfrutar desse momento t\u00e3o especial da melhor maneira poss\u00edvel.<\/p>\n<p><strong>Em breve as fotos estar\u00e3o dispon\u00edveis no nosso <a href=\"https:\/\/www.flickr.com\/photos\/158926957@N08\/albums\">Flickr<\/a> e na nossa p\u00e1gina do <a href=\"https:\/\/www.facebook.com\/pg\/sindenfermeirodf\/photos\/?ref=page_internal\">Facebook<\/a>.<\/strong><\/p>\n<p>&nbsp;<\/p>\n","protected":false},"excerpt":{"rendered":"<p>O Sindicato dos Enfermeiros do Distrito Federal (SindEnfermeiro-DF) realizou, no \u00faltimo s\u00e1bado (17), o Baile dos Enfermeiros 2018. O evento mais tradicional da categoria no DF reuniu mais de 2 mil pessoas no Opera Hall, entre profissionais da enfermagem, amigos e convidados. Para a presidente do SindEnfermeiro, Dayse Amar\u00edlio, o baile \u00e9 um momento de [&hellip;]<\/p>\n","protected":false},"author":6,"featured_media":4907,"comment_status":"closed","ping_status":"closed","sticky":false,"template":"","format":"standard","meta":{"footnotes":""},"categories":[6,13,5],"tags":[117,118,7,99,44],"class_list":["post-4905","post","type-post","status-publish","format-standard","has-post-thumbnail","hentry","category-noticias","category-rede-privada","category-rede-publica","tag-baile-dos-enfermeiros","tag-baile-dos-enfermeiros-2018","tag-enfermagem","tag-enfermagem-df","tag-sindenfermeiro-df"],"_links":{"self":[{"href":"https:\/\/sindenfermeiro.com.br\/index.php\/wp-json\/wp\/v2\/posts\/4905","targetHints":{"allow":["GET"]}}],"collection":[{"href":"https:\/\/sindenfermeiro.com.br\/index.php\/wp-json\/wp\/v2\/posts"}],"about":[{"href":"https:\/\/sindenfermeiro.com.br\/index.php\/wp-json\/wp\/v2\/types\/post"}],"author":[{"embeddable":true,"href":"https:\/\/sindenfermeiro.com.br\/index.php\/wp-json\/wp\/v2\/users\/6"}],"replies":[{"embeddable":true,"href":"https:\/\/sindenfermeiro.com.br\/index.php\/wp-json\/wp\/v2\/comments?post=4905"}],"version-history":[{"count":1,"href":"https:\/\/sindenfermeiro.com.br\/index.php\/wp-json\/wp\/v2\/posts\/4905\/revisions"}],"predecessor-version":[{"id":32942,"href":"https:\/\/sindenfermeiro.com.br\/index.php\/wp-json\/wp\/v2\/posts\/4905\/revisions\/32942"}],"wp:featuredmedia":[{"embeddable":true,"href":"https:\/\/sindenfermeiro.com.br\/index.php\/wp-json\/"}],"wp:attachment":[{"href":"https:\/\/sindenfermeiro.com.br\/index.php\/wp-json\/wp\/v2\/media?parent=4905"}],"wp:term":[{"taxonomy":"category","embeddable":true,"href":"https:\/\/sindenfermeiro.com.br\/index.php\/wp-json\/wp\/v2\/categories?post=4905"},{"taxonomy":"post_tag","embeddable":true,"href":"https:\/\/sindenfermeiro.com.br\/index.php\/wp-json\/wp\/v2\/tags?post=4905"}],"curies":[{"name":"wp","href":"https:\/\/api.w.org\/{rel}","templated":true}]}}