{"id":4792,"date":"2018-11-13T17:23:03","date_gmt":"2018-11-13T17:23:03","guid":{"rendered":"http:\/\/www.sindenfermeiro.com.br\/?p=4792"},"modified":"2026-04-26T15:35:28","modified_gmt":"2026-04-26T18:35:28","slug":"apos-denuncias-do-sindenfermeiro-df-mpt-entrara-com-acao-contra-o-hospital-sao-mateus","status":"publish","type":"post","link":"https:\/\/sindenfermeiro.com.br\/index.php\/2018\/11\/13\/apos-denuncias-do-sindenfermeiro-df-mpt-entrara-com-acao-contra-o-hospital-sao-mateus\/","title":{"rendered":"Ap\u00f3s den\u00fancias do SindEnfermeiro-DF, MPT entrar\u00e1 com a\u00e7\u00e3o contra o Hospital S\u00e3o Mateus"},"content":{"rendered":"<div id=\"js_1q1\" class=\"_5pbx userContent _3576\">\n<div id=\"id_5beaf68b22a588e69284880\" class=\"text_exposed_root text_exposed\">\n<p><img loading=\"lazy\" decoding=\"async\" class=\"wp-image-4793 aligncenter\" src=\"http:\/\/www.sindenfermeiro.com.br\/wp-content\/uploads\/2018\/11\/MG_5157.jpg\" alt=\"\" width=\"655\" height=\"360\" \/><\/p>\n<p>A presidente do Sindicato dos Enfermeiros do DF, Dayse Amar\u00edlio, esteve no Minist\u00e9rio P\u00fablico do Trabalho do DF (MPT-DF), na \u00faltima quarta (07), para participar de audi\u00eancia com representantes do Hospital S\u00e3o Mateus \u2013 que foi denunciado por conta do atraso no pagamento dos profissionais. . No entanto, nenhum representante do hospital compareceu.<\/p>\n<p>A procuradora verificou, ainda, a<span class=\"text_exposed_show\">\u00a0exist\u00eancia de outra den\u00fancia, relatando os mesmos problemas, como sal\u00e1rios atrasados, espa\u00e7os de alimenta\u00e7\u00e3o e repouso insalubres, e falta de insumos para realizar procedimentos de forma segura com os pacientes.<\/span><\/p>\n<div class=\"text_exposed_show\">\n<p>Com base nas den\u00fancias apresentadas e ap\u00f3s audi\u00eancia, a procuradora do MPT-DF decidiu entrar com uma a\u00e7\u00e3o civil p\u00fablica contra o hospital. O sindicato participar\u00e1 como terceiro interessado na a\u00e7\u00e3o, para acompanhar e auxiliar com informa\u00e7\u00f5es durante a tramita\u00e7\u00e3o do caso.<\/p>\n<p>Solicitamos a todos os profissionais de enfermagem da institui\u00e7\u00e3o que, caso queiram denunciar quaisquer irregularidades, entrem em contato com o SindEnfermeiro \u2013 sua identidade ser\u00e1 sempre preservada. Nossa luta \u00e9 para que todos os enfermeiros, da rede privada ou p\u00fablica, sejam respeitados e valorizados no exerc\u00edcio da profiss\u00e3o, tendo assim condi\u00e7\u00f5es de prestar uma assist\u00eancia digna para a popula\u00e7\u00e3o do DF.<\/p>\n<p><img loading=\"lazy\" decoding=\"async\" class=\" wp-image-4794 aligncenter\" src=\"http:\/\/www.sindenfermeiro.com.br\/wp-content\/uploads\/2018\/11\/MG_5162.jpg\" alt=\"\" width=\"657\" height=\"438\" \/><\/p>\n<p><strong>ENTENDA O CASO<\/strong><\/p>\n<p>Em 12 de setembro, o SindEnfermeiro foi ao Hospital S\u00e3o Mateus para apurar as den\u00fancias de atraso no pagamento dos enfermeiros, que estavam desde julho sem receber os vencimentos. Por\u00e9m, se constatou que a situa\u00e7\u00e3o era pior do que havia sido relatada.<\/p>\n<p>Os espa\u00e7os de alimenta\u00e7\u00e3o e repouso dos enfermeiros estavam em situa\u00e7\u00e3o completamente insalubre \u2013 mofo nas paredes, refluxo de esgoto e at\u00e9 mesmo camas sem colch\u00f5es, al\u00e9m da falta de insumos b\u00e1sicos. Houveram tamb\u00e9m relatos, nos \u00faltimos meses, de profissionais que sofreram persegui\u00e7\u00e3o, sendo desligados do quadro de funcion\u00e1rios.<\/p>\n<p>Logo ap\u00f3s a visita, o sindicato comunicou o caso ao Conselho Regional de Enfermagem do Distrito Federal (COREN-DF), Vigil\u00e2ncia Sanit\u00e1ria e ao MPT-DF. No in\u00edcio de novembro, a institui\u00e7\u00e3o quitou apenas a metade dos sal\u00e1rios de julho, ainda totalizando tr\u00eas meses e meio de sal\u00e1rios atrasados.<\/p>\n<\/div>\n<\/div>\n<\/div>\n<div class=\"_3x-2\">\n<div>\n<div class=\"mtm\">\n<div class=\"_2a2q _65sr\"><\/div>\n<\/div>\n<\/div>\n<\/div>\n","protected":false},"excerpt":{"rendered":"<p>A presidente do Sindicato dos Enfermeiros do DF, Dayse Amar\u00edlio, esteve no Minist\u00e9rio P\u00fablico do Trabalho do DF (MPT-DF), na \u00faltima quarta (07), para participar de audi\u00eancia com representantes do Hospital S\u00e3o Mateus \u2013 que foi denunciado por conta do atraso no pagamento dos profissionais. . No entanto, nenhum representante do hospital compareceu. A procuradora [&hellip;]<\/p>\n","protected":false},"author":6,"featured_media":4793,"comment_status":"closed","ping_status":"closed","sticky":false,"template":"","format":"standard","meta":{"footnotes":""},"categories":[16,13],"tags":[144,109,135,145,146,21],"class_list":["post-4792","post","type-post","status-publish","format-standard","has-post-thumbnail","hentry","category-processos","category-rede-privada","tag-acao-civil","tag-fiscaliza-sindenfermeiro","tag-hospital-sao-mateus","tag-ministerio-publico-do-trabalho","tag-mpt","tag-sindenfermeiro"],"_links":{"self":[{"href":"https:\/\/sindenfermeiro.com.br\/index.php\/wp-json\/wp\/v2\/posts\/4792","targetHints":{"allow":["GET"]}}],"collection":[{"href":"https:\/\/sindenfermeiro.com.br\/index.php\/wp-json\/wp\/v2\/posts"}],"about":[{"href":"https:\/\/sindenfermeiro.com.br\/index.php\/wp-json\/wp\/v2\/types\/post"}],"author":[{"embeddable":true,"href":"https:\/\/sindenfermeiro.com.br\/index.php\/wp-json\/wp\/v2\/users\/6"}],"replies":[{"embeddable":true,"href":"https:\/\/sindenfermeiro.com.br\/index.php\/wp-json\/wp\/v2\/comments?post=4792"}],"version-history":[{"count":1,"href":"https:\/\/sindenfermeiro.com.br\/index.php\/wp-json\/wp\/v2\/posts\/4792\/revisions"}],"predecessor-version":[{"id":25508,"href":"https:\/\/sindenfermeiro.com.br\/index.php\/wp-json\/wp\/v2\/posts\/4792\/revisions\/25508"}],"wp:featuredmedia":[{"embeddable":true,"href":"https:\/\/sindenfermeiro.com.br\/index.php\/wp-json\/"}],"wp:attachment":[{"href":"https:\/\/sindenfermeiro.com.br\/index.php\/wp-json\/wp\/v2\/media?parent=4792"}],"wp:term":[{"taxonomy":"category","embeddable":true,"href":"https:\/\/sindenfermeiro.com.br\/index.php\/wp-json\/wp\/v2\/categories?post=4792"},{"taxonomy":"post_tag","embeddable":true,"href":"https:\/\/sindenfermeiro.com.br\/index.php\/wp-json\/wp\/v2\/tags?post=4792"}],"curies":[{"name":"wp","href":"https:\/\/api.w.org\/{rel}","templated":true}]}}