{"id":4748,"date":"2018-11-09T12:05:27","date_gmt":"2018-11-09T12:05:27","guid":{"rendered":"http:\/\/www.sindenfermeiro.com.br\/?p=4748"},"modified":"2026-04-26T15:00:08","modified_gmt":"2026-04-26T18:00:08","slug":"em-assembleia-sindenfermeiro-e-preceptores-debatem-melhor-maneira-para-os-profissionais-receberem-valores-devidos","status":"publish","type":"post","link":"https:\/\/sindenfermeiro.com.br\/index.php\/2018\/11\/09\/em-assembleia-sindenfermeiro-e-preceptores-debatem-melhor-maneira-para-os-profissionais-receberem-valores-devidos\/","title":{"rendered":"Em assembleia, SindEnfermeiro e preceptores debatem melhor maneira para os profissionais receberem valores devidos"},"content":{"rendered":"<style type=\"text\/css\">\n#foogallery-gallery-4750 .fg-image { width: 640px; }<\/style>\n\t\t\t<div class=\"foogallery foogallery-container foogallery-image-viewer foogallery-link-image foogallery-lightbox-none fg-center fg-image-viewer fg-ready fg-light fg-border-thin fg-shadow-outline fg-loading-default fg-loaded-fade-in fg-caption-hover fg-hover-fade fg-hover-zoom\" id=\"foogallery-gallery-4750\" data-foogallery=\"{&quot;item&quot;:{&quot;showCaptionTitle&quot;:true,&quot;showCaptionDescription&quot;:true},&quot;lazy&quot;:true,&quot;template&quot;:{&quot;loop&quot;:true}}\" style=\"--fg-title-line-clamp: 0; --fg-description-line-clamp: 0;\" >\n\t<div class=\"fiv-inner\">\n\t\t<div class=\"fiv-inner-container\">\n\t\t\t\t\t<\/div>\n\t\t<div class=\"fiv-ctrls\">\n\t\t\t<button type=\"button\" class=\"fiv-prev\" title=\"Prev\"><span>Prev<\/span><\/button>\n\t\t\t<label class=\"fiv-count\"><span class=\"fiv-count-current\">1<\/span>of<span class=\"fiv-count-total\">18<\/span><\/label>\n\t\t\t<button type=\"button\" class=\"fiv-next\" title=\"Next\"><span>Next<\/span><\/button>\n\t\t<\/div>\n\t<\/div>\n<\/div>\n<p style=\"text-align: justify\">Na \u00faltima ter\u00e7a-feira (06), o Sindicato dos Enfermeiros do Distrito Federal (SindEnfermeiro-DF) se reuniu com enfermeiros que foram preceptores entre 2013 e 2018 para tratar do pagamento de valores relacionados \u00e0 fun\u00e7\u00e3o. Durante a reuni\u00e3o, os enfermeiros foram informados sobre as diferen\u00e7a de valores devidos aos profissionais que exerceram a fun\u00e7\u00e3o desde 2013.<\/p>\n<p style=\"text-align: justify\">Tamb\u00e9m foi reiterado aos participantes que o <strong>departamento jur\u00eddico do SindEnfermeiro <\/strong><strong>aju\u00edza e acompanha processos judiciais individuais sem qualquer custo extra para os sindicalizados<\/strong>. Existe um escrit\u00f3rio de advocacia contratado exclusivamente para processos coletivos do Sindicato &#8211; e prev\u00ea \u00eaxito de 15% (quinze por cento) nas a\u00e7\u00f5es coletivas.<\/p>\n<p style=\"text-align: justify\">O departamento jur\u00eddico do SindEnfermeiro comunicou aos presentes a situa\u00e7\u00e3o de que uma a\u00e7\u00e3o coletiva tende a ser mais demorada do que uma a\u00e7\u00e3o individual. \u00a0Ap\u00f3s isso, foi aberta vota\u00e7\u00e3o para que os enfermeiros decidissem se com a\u00e7\u00e3o individual ou coletiva.<\/p>\n<p style=\"text-align: justify\">Ficou decido, por unanimidade, que os preceptores filiados ao SindEnfermeiro entrar\u00e3o com a\u00e7\u00f5es individuais, com o pagamento de 15% de \u00eaxito \u2013 pre\u00e7o bem abaixo da m\u00e9dia praticada no mercado, tendo em vista que essa \u00e9 uma demanda coletiva e n\u00e3o individual. Quem cuidar\u00e1 do ajuizamento da a\u00e7\u00e3o e o acompanhamento ser\u00e1 o escrit\u00f3rio contratado pelo sindicato.<\/p>\n<p style=\"text-align: justify\">Todo enfermeiro que tenha exercido ou ainda exerce a fun\u00e7\u00e3o de preceptoria, a partir de 2013, deve procurar o SindEnfermeiro para atendimento espec\u00edfico, \u00e0s ter\u00e7as-feiras de novembro, entre \u00e0s 15h e 18h, mediante agendamento pr\u00e9vio.<\/p>\n<p style=\"text-align: justify\">Para mais informa\u00e7\u00f5es, entre em contato com o nosso departamento jur\u00eddico, pelo telefone (61) 3447-9697, ou pelo email <a href=\"mailto:juridico@sindenfermeiro.com.br\">juridico@sindenfermeiro.com.br<\/a><\/p>\n<p style=\"text-align: justify\"><strong>Documenta\u00e7\u00e3o necess\u00e1ria para entrar com a a\u00e7\u00e3o:<\/strong><\/p>\n<p style=\"text-align: justify\"><strong>CPF;<\/strong><\/p>\n<p style=\"text-align: justify\"><strong>RG;<\/strong><\/p>\n<p style=\"text-align: justify\"><strong>Comprovante de resid\u00eancia;<\/strong><\/p>\n<p style=\"text-align: justify\"><strong>Publica\u00e7\u00e3o de nomea\u00e7\u00e3o para o cargo de preceptor;<\/strong><\/p>\n<p style=\"text-align: justify\"><strong>Ficha financeira da \u00e9poca.\u00a0<\/strong><\/p>\n<p>&nbsp;<\/p>\n","protected":false},"excerpt":{"rendered":"<p>Na \u00faltima ter\u00e7a-feira (06), o Sindicato dos Enfermeiros do Distrito Federal (SindEnfermeiro-DF) se reuniu com enfermeiros que foram preceptores entre 2013 e 2018 para tratar do pagamento de valores relacionados \u00e0 fun\u00e7\u00e3o. Durante a reuni\u00e3o, os enfermeiros foram informados sobre as diferen\u00e7a de valores devidos aos profissionais que exerceram a fun\u00e7\u00e3o desde 2013. Tamb\u00e9m foi [&hellip;]<\/p>\n","protected":false},"author":6,"featured_media":4752,"comment_status":"closed","ping_status":"closed","sticky":false,"template":"","format":"standard","meta":{"footnotes":""},"categories":[5],"tags":[7,99,142,143,47],"class_list":["post-4748","post","type-post","status-publish","format-standard","has-post-thumbnail","hentry","category-rede-publica","tag-enfermagem","tag-enfermagem-df","tag-preceptores","tag-preceptoria","tag-rede-publica"],"_links":{"self":[{"href":"https:\/\/sindenfermeiro.com.br\/index.php\/wp-json\/wp\/v2\/posts\/4748","targetHints":{"allow":["GET"]}}],"collection":[{"href":"https:\/\/sindenfermeiro.com.br\/index.php\/wp-json\/wp\/v2\/posts"}],"about":[{"href":"https:\/\/sindenfermeiro.com.br\/index.php\/wp-json\/wp\/v2\/types\/post"}],"author":[{"embeddable":true,"href":"https:\/\/sindenfermeiro.com.br\/index.php\/wp-json\/wp\/v2\/users\/6"}],"replies":[{"embeddable":true,"href":"https:\/\/sindenfermeiro.com.br\/index.php\/wp-json\/wp\/v2\/comments?post=4748"}],"version-history":[{"count":1,"href":"https:\/\/sindenfermeiro.com.br\/index.php\/wp-json\/wp\/v2\/posts\/4748\/revisions"}],"predecessor-version":[{"id":32934,"href":"https:\/\/sindenfermeiro.com.br\/index.php\/wp-json\/wp\/v2\/posts\/4748\/revisions\/32934"}],"wp:featuredmedia":[{"embeddable":true,"href":"https:\/\/sindenfermeiro.com.br\/index.php\/wp-json\/"}],"wp:attachment":[{"href":"https:\/\/sindenfermeiro.com.br\/index.php\/wp-json\/wp\/v2\/media?parent=4748"}],"wp:term":[{"taxonomy":"category","embeddable":true,"href":"https:\/\/sindenfermeiro.com.br\/index.php\/wp-json\/wp\/v2\/categories?post=4748"},{"taxonomy":"post_tag","embeddable":true,"href":"https:\/\/sindenfermeiro.com.br\/index.php\/wp-json\/wp\/v2\/tags?post=4748"}],"curies":[{"name":"wp","href":"https:\/\/api.w.org\/{rel}","templated":true}]}}