{"id":4635,"date":"2018-11-06T20:26:14","date_gmt":"2018-11-06T20:26:14","guid":{"rendered":"http:\/\/www.sindenfermeiro.com.br\/?p=4635"},"modified":"2026-04-26T16:24:54","modified_gmt":"2026-04-26T19:24:54","slug":"sindenfermeiro-e-entidades-da-saude-escolhem-nomes-do-possivel-secretario-da-ses-df-para-negociarem-com-novo-governador-ibaneis-rocha","status":"publish","type":"post","link":"https:\/\/sindenfermeiro.com.br\/index.php\/2018\/11\/06\/sindenfermeiro-e-entidades-da-saude-escolhem-nomes-do-possivel-secretario-da-ses-df-para-negociarem-com-novo-governador-ibaneis-rocha\/","title":{"rendered":"SindEnfermeiro e entidades da sa\u00fade escolhem nomes do poss\u00edvel secret\u00e1rio da SES-DF para negociarem com novo governador, Ibaneis Rocha"},"content":{"rendered":"<style type=\"text\/css\">\n#foogallery-gallery-4738 .fg-image { width: 640px; }<\/style>\n\t\t\t<div class=\"foogallery foogallery-container foogallery-image-viewer foogallery-link-image foogallery-lightbox-none fg-center fg-image-viewer fg-ready fg-light fg-border-thin fg-shadow-outline fg-loading-default fg-loaded-fade-in fg-caption-hover fg-hover-fade fg-hover-zoom\" id=\"foogallery-gallery-4738\" data-foogallery=\"{&quot;item&quot;:{&quot;showCaptionTitle&quot;:true,&quot;showCaptionDescription&quot;:true},&quot;lazy&quot;:true,&quot;template&quot;:{&quot;loop&quot;:true}}\" style=\"--fg-title-line-clamp: 0; --fg-description-line-clamp: 0;\" >\n\t<div class=\"fiv-inner\">\n\t\t<div class=\"fiv-inner-container\">\n\t\t\t\t\t<\/div>\n\t\t<div class=\"fiv-ctrls\">\n\t\t\t<button type=\"button\" class=\"fiv-prev\" title=\"Prev\"><span>Prev<\/span><\/button>\n\t\t\t<label class=\"fiv-count\"><span class=\"fiv-count-current\">1<\/span>of<span class=\"fiv-count-total\">60<\/span><\/label>\n\t\t\t<button type=\"button\" class=\"fiv-next\" title=\"Next\"><span>Next<\/span><\/button>\n\t\t<\/div>\n\t<\/div>\n<\/div>\n<p style=\"text-align: justify\">Na \u00faltima segunda-feira (05\/11), aconteceu o terceiro encontro de planejamento, estrat\u00e9gias e a\u00e7\u00f5es para a Secretaria de Sa\u00fade do DF (SES-DF). A reuni\u00e3o contou com a presen\u00e7a da presidente do SindEnfermeiro-DF, Dayse Amar\u00edlio, dos diretores do sindicato e representantes de entidades ligadas \u00e0 sa\u00fade. Durante a reuni\u00e3o foram levantados cinco poss\u00edveis nomes de candidatos ao cargo de secret\u00e1rio de sa\u00fade do Distrito Federal. O deputado distrital, Jorge Vianna (PODEMOS) tamb\u00e9m participou do encontro.<\/p>\n<p style=\"text-align: justify\">Para chegar nesses crit\u00e9rios as entidades levantaram alguns aspectos que deveriam ser considerados para a escolha dos candidatos, entre eles: ser servidor da SES-DF, ter experi\u00eancia em gest\u00e3o, inclusive or\u00e7ament\u00e1ria, dialogar entre as categorias, manter a mesa de negocia\u00e7\u00e3o do SUS aberta e possuir boa interlocu\u00e7\u00e3o entre Legislativo e trabalhadores.<\/p>\n<p style=\"text-align: justify\">Os cinco nomes levantados foram: Adriano Ibiapina, m\u00e9dico do HRAN, Gilney Guerra, enfermeiro e diretor do Conselho Federal de Enfermagem, Gutemberg Fialho, m\u00e9dico, presidente do Sindicato dos M\u00e9dicos do DF e candidato a deputado distrital nas \u00faltimas elei\u00e7\u00f5es \u2013 com mais de 13 mil votos, Leonardo Esteves, secret\u00e1rio de sa\u00fade de Valpara\u00edso de Goi\u00e1s e Jo\u00e3o Eudes, farmac\u00eautico e vice-presidente da Associa\u00e7\u00e3o dos Especialistas em Sa\u00fade do DF.<\/p>\n<p style=\"text-align: justify\">Ap\u00f3s consenso das entidades representativas, foi realizada vota\u00e7\u00e3o onde cada categoria indicou tr\u00eas nomes, fechando uma lista tr\u00edplice. Os escolhidos foram Gilney Guerra, Gutemberg Fialho e Leonardo Esteves. O pr\u00f3ximo passo \u00e9 construir em conjunto com cada membro da lista planos de governo e propostas de gest\u00e3o para a secretaria.<\/p>\n<p style=\"text-align: justify\">\u201cA inten\u00e7\u00e3o \u00e9 usar a abertura que o governador deu durante a campanha, a abertura para participarmos do governo. De levantarmos os problemas e juntos buscarmos uma solu\u00e7\u00e3o para a popula\u00e7\u00e3o e para os trabalhadores. Queremos construir juntos uma solu\u00e7\u00e3o para o caos que est\u00e1!\u201d, disse Dayse Amar\u00edlio.<\/p>\n<p style=\"text-align: justify\">A ideia \u00e9 levar os nomes dos escolhidos e suas propostas ao governador eleito Ibaneis Rocha, para que ele avalie o perfil de cada membro da lista tr\u00edplice. Durante sua campanha, Ibaneis afirmou estar aberto e compromissado em dialogar com as entidades representativas.<\/p>\n","protected":false},"excerpt":{"rendered":"<p>Na \u00faltima segunda-feira (05\/11), aconteceu o terceiro encontro de planejamento, estrat\u00e9gias e a\u00e7\u00f5es para a Secretaria de Sa\u00fade do DF (SES-DF). A reuni\u00e3o contou com a presen\u00e7a da presidente do SindEnfermeiro-DF, Dayse Amar\u00edlio, dos diretores do sindicato e representantes de entidades ligadas \u00e0 sa\u00fade. Durante a reuni\u00e3o foram levantados cinco poss\u00edveis nomes de candidatos ao [&hellip;]<\/p>\n","protected":false},"author":6,"featured_media":4580,"comment_status":"closed","ping_status":"closed","sticky":false,"template":"","format":"standard","meta":{"footnotes":""},"categories":[5],"tags":[7,99,81,44],"class_list":["post-4635","post","type-post","status-publish","format-standard","has-post-thumbnail","hentry","category-rede-publica","tag-enfermagem","tag-enfermagem-df","tag-ses-df","tag-sindenfermeiro-df"],"_links":{"self":[{"href":"https:\/\/sindenfermeiro.com.br\/index.php\/wp-json\/wp\/v2\/posts\/4635","targetHints":{"allow":["GET"]}}],"collection":[{"href":"https:\/\/sindenfermeiro.com.br\/index.php\/wp-json\/wp\/v2\/posts"}],"about":[{"href":"https:\/\/sindenfermeiro.com.br\/index.php\/wp-json\/wp\/v2\/types\/post"}],"author":[{"embeddable":true,"href":"https:\/\/sindenfermeiro.com.br\/index.php\/wp-json\/wp\/v2\/users\/6"}],"replies":[{"embeddable":true,"href":"https:\/\/sindenfermeiro.com.br\/index.php\/wp-json\/wp\/v2\/comments?post=4635"}],"version-history":[{"count":1,"href":"https:\/\/sindenfermeiro.com.br\/index.php\/wp-json\/wp\/v2\/posts\/4635\/revisions"}],"predecessor-version":[{"id":29456,"href":"https:\/\/sindenfermeiro.com.br\/index.php\/wp-json\/wp\/v2\/posts\/4635\/revisions\/29456"}],"wp:featuredmedia":[{"embeddable":true,"href":"https:\/\/sindenfermeiro.com.br\/index.php\/wp-json\/"}],"wp:attachment":[{"href":"https:\/\/sindenfermeiro.com.br\/index.php\/wp-json\/wp\/v2\/media?parent=4635"}],"wp:term":[{"taxonomy":"category","embeddable":true,"href":"https:\/\/sindenfermeiro.com.br\/index.php\/wp-json\/wp\/v2\/categories?post=4635"},{"taxonomy":"post_tag","embeddable":true,"href":"https:\/\/sindenfermeiro.com.br\/index.php\/wp-json\/wp\/v2\/tags?post=4635"}],"curies":[{"name":"wp","href":"https:\/\/api.w.org\/{rel}","templated":true}]}}