{"id":45622,"date":"2026-03-11T14:42:10","date_gmt":"2026-03-11T17:42:10","guid":{"rendered":"https:\/\/sindenfermeiro.com.br\/?p=45622"},"modified":"2026-05-01T06:42:23","modified_gmt":"2026-05-01T09:42:23","slug":"eleicoes-2026-sindenfermeiro-df-encerra-prazo-para-registro-de-chapas","status":"publish","type":"post","link":"https:\/\/sindenfermeiro.com.br\/index.php\/2026\/03\/11\/eleicoes-2026-sindenfermeiro-df-encerra-prazo-para-registro-de-chapas\/","title":{"rendered":"Elei\u00e7\u00f5es 2026: SindEnfermeiro-DF encerra prazo para registro de chapas"},"content":{"rendered":"<p>O Sindicato dos Enfermeiros do Distrito Federal (SindEnfermeiro-DF) publica o edital de encerramento do prazo para registro de chapas referente \u00e0s elei\u00e7\u00f5es sindicais para o mandato 2026\u20132030. A Comiss\u00e3o Eleitoral informa que foi registrada uma \u00fanica chapa para concorrer \u00e0 Diretoria Executiva, Diretoria Geral e Conselho Fiscal da entidade. Confira, no documento em anexo, a \u00edntegra do edital com a composi\u00e7\u00e3o completa da chapa inscrita e demais informa\u00e7\u00f5es sobre o processo eleitoral.<\/p>\n<p><a href=\"https:\/\/sindenfermeiro.com.br\/wp-content\/uploads\/2026\/03\/Edital-publicado-11-03-2026.pdf\">Veja o edital publicado <\/a><\/p>\n","protected":false},"excerpt":{"rendered":"<p>O Sindicato dos Enfermeiros do Distrito Federal (SindEnfermeiro-DF) publica o edital de encerramento do prazo para registro de chapas referente \u00e0s elei\u00e7\u00f5es sindicais para o mandato 2026\u20132030. A Comiss\u00e3o Eleitoral informa que foi registrada uma \u00fanica chapa para concorrer \u00e0 Diretoria Executiva, Diretoria Geral e Conselho Fiscal da entidade. Confira, no documento em anexo, a [&hellip;]<\/p>\n","protected":false},"author":7,"featured_media":45465,"comment_status":"open","ping_status":"open","sticky":false,"template":"","format":"standard","meta":{"footnotes":""},"categories":[932],"tags":[],"class_list":["post-45622","post","type-post","status-publish","format-standard","has-post-thumbnail","hentry","category-eleicoes-26"],"_links":{"self":[{"href":"https:\/\/sindenfermeiro.com.br\/index.php\/wp-json\/wp\/v2\/posts\/45622","targetHints":{"allow":["GET"]}}],"collection":[{"href":"https:\/\/sindenfermeiro.com.br\/index.php\/wp-json\/wp\/v2\/posts"}],"about":[{"href":"https:\/\/sindenfermeiro.com.br\/index.php\/wp-json\/wp\/v2\/types\/post"}],"author":[{"embeddable":true,"href":"https:\/\/sindenfermeiro.com.br\/index.php\/wp-json\/wp\/v2\/users\/7"}],"replies":[{"embeddable":true,"href":"https:\/\/sindenfermeiro.com.br\/index.php\/wp-json\/wp\/v2\/comments?post=45622"}],"version-history":[{"count":1,"href":"https:\/\/sindenfermeiro.com.br\/index.php\/wp-json\/wp\/v2\/posts\/45622\/revisions"}],"predecessor-version":[{"id":45624,"href":"https:\/\/sindenfermeiro.com.br\/index.php\/wp-json\/wp\/v2\/posts\/45622\/revisions\/45624"}],"wp:featuredmedia":[{"embeddable":true,"href":"https:\/\/sindenfermeiro.com.br\/index.php\/wp-json\/wp\/v2\/media\/45465"}],"wp:attachment":[{"href":"https:\/\/sindenfermeiro.com.br\/index.php\/wp-json\/wp\/v2\/media?parent=45622"}],"wp:term":[{"taxonomy":"category","embeddable":true,"href":"https:\/\/sindenfermeiro.com.br\/index.php\/wp-json\/wp\/v2\/categories?post=45622"},{"taxonomy":"post_tag","embeddable":true,"href":"https:\/\/sindenfermeiro.com.br\/index.php\/wp-json\/wp\/v2\/tags?post=45622"}],"curies":[{"name":"wp","href":"https:\/\/api.w.org\/{rel}","templated":true}]}}