{"id":45619,"date":"2026-03-09T17:51:53","date_gmt":"2026-03-09T20:51:53","guid":{"rendered":"https:\/\/sindenfermeiro.com.br\/?p=45619"},"modified":"2026-04-29T04:28:50","modified_gmt":"2026-04-29T07:28:50","slug":"sessao-solene-na-cldf-celebra-45-anos-de-luta-do-sindenfermeiro-df","status":"publish","type":"post","link":"https:\/\/sindenfermeiro.com.br\/index.php\/2026\/03\/09\/sessao-solene-na-cldf-celebra-45-anos-de-luta-do-sindenfermeiro-df\/","title":{"rendered":"Sess\u00e3o solene na CLDF celebra 45 anos de luta do SindEnfermeiro-DF"},"content":{"rendered":"<p>&nbsp;<\/p>\n<p><img loading=\"lazy\" decoding=\"async\" class=\"size-medium wp-image-45620 aligncenter\" src=\"https:\/\/sindenfermeiro.com.br\/wp-content\/uploads\/2026\/03\/IMG_4243.JPG-1-300x200.jpeg\" alt=\"\" width=\"300\" height=\"200\" srcset=\"https:\/\/sindenfermeiro.com.br\/wp-content\/uploads\/2026\/03\/IMG_4243.JPG-1-300x200.jpeg 300w, https:\/\/sindenfermeiro.com.br\/wp-content\/uploads\/2026\/03\/IMG_4243.JPG-1-1024x683.jpeg 1024w, https:\/\/sindenfermeiro.com.br\/wp-content\/uploads\/2026\/03\/IMG_4243.JPG-1-768x512.jpeg 768w, https:\/\/sindenfermeiro.com.br\/wp-content\/uploads\/2026\/03\/IMG_4243.JPG-1-1536x1024.jpeg 1536w, https:\/\/sindenfermeiro.com.br\/wp-content\/uploads\/2026\/03\/IMG_4243.JPG-1-2048x1366.jpeg 2048w\" sizes=\"auto, (max-width: 300px) 100vw, 300px\" \/><\/p>\n<p>O Sindicato dos Enfermeiros do Distrito Federal (SindEnfermeiro-DF) celebrou 45 anos de hist\u00f3ria com uma sess\u00e3o solene no audit\u00f3rio da C\u00e2mara Legislativa do Distrito Federal (CLDF). A homenagem foi proposta pela deputada distrital Dayse Amarilio (PSB) e realizada na tarde de sexta-feira (6), quando reuniu mais de 300 filiados e convidados.<\/p>\n<p>Durante a cerim\u00f4nia, representantes da enfermagem e lideran\u00e7as sindicais relembraram a trajet\u00f3ria da entidade, marcada por mobiliza\u00e7\u00f5es, enfrentamentos e conquistas para a categoria ao longo de mais de quatro d\u00e9cadas.<\/p>\n<p>Ao abrir a sess\u00e3o, Dayse Amarilio destacou a rela\u00e7\u00e3o pessoal com o sindicato e afirmou que a hist\u00f3ria da entidade se mistura com a sua pr\u00f3pria trajet\u00f3ria. \u201cA hist\u00f3ria do sindicato est\u00e1 dissolvida na minha vida. Eu n\u00e3o seria o que sou hoje se o sindicato n\u00e3o tivesse feito parte da minha caminhada. \u00c9 uma coisa s\u00f3\u201d, afirmou.<\/p>\n<p>A deputada relembrou que, quando decidiu ingressar no movimento sindical, enfrentou resist\u00eancia dentro da pr\u00f3pria fam\u00edlia. \u201cQuando eu disse que tinha sido convidada para participar da luta sindical, minha fam\u00edlia foi contra. Mas foi ali que eu aprendi muito\u201d, contou.<\/p>\n<p>Para Dayse, o papel do sindicato vai al\u00e9m da defesa de direitos trabalhistas. \u201cSempre acreditei que a maior fun\u00e7\u00e3o de um sindicato \u00e9 transformar a realidade social onde est\u00e1 inserido, por meio da sua categoria. A enfermagem \u00e9 uma profiss\u00e3o fundamental para gerar transforma\u00e7\u00f5es reais na vida das pessoas. Se estivesse mais presente nos espa\u00e7os de poder, o mundo seria mais democr\u00e1tico e mais justo\u201d, afirmou.<\/p>\n<p>Ela tamb\u00e9m alertou para os impactos da precariza\u00e7\u00e3o do trabalho na sa\u00fade. \u201cSe um de n\u00f3s est\u00e1 precarizado, todos estamos. Isso impede que entreguemos a assist\u00eancia que gostar\u00edamos e acaba resultando em um atendimento inseguro para a popula\u00e7\u00e3o.\u201d<\/p>\n<p>A presidente da ABEn-DF, Karine Afonseca, destacou que o movimento sindical historicamente enfrenta tentativas de criminaliza\u00e7\u00e3o no Brasil. Para ela, a celebra\u00e7\u00e3o dos 45 anos do SindEnfermeiro representa um marco importante para a enfermagem. \u201cS\u00e3o poucas categorias que podem dizer que t\u00eam um instrumento de luta combativo e reconhecido pela sociedade\u201d, explicou.<\/p>\n<p>Representando a enfermagem, a secret\u00e1ria-geral da Associa\u00e7\u00e3o Brasileira de Enfermagem (ABEn), Rosalina Sudo, lembrou da import\u00e2ncia da organiza\u00e7\u00e3o coletiva e das primeiras mobiliza\u00e7\u00f5es sindicais dentro das unidades de sa\u00fade do DF.<\/p>\n<p>Segundo ela, a luta coletiva foi respons\u00e1vel por conquistas hist\u00f3ricas para a categoria. \u201cQuando comecei a trabalhar na Secretaria de Sa\u00fade, a carga hor\u00e1ria era de 44 horas semanais. Depois passou para 40, depois 36, depois 30 e hoje chegamos \u00e0s 20 horas semanais. Tudo isso \u00e9 fruto de muita luta coletiva\u201d, afirmou.<\/p>\n<p>A ex-presidente do sindicato F\u00e1tima Aparecida Lemos tamb\u00e9m destacou a import\u00e2ncia dessas conquistas e lembrou que a redu\u00e7\u00e3o da carga hor\u00e1ria no Distrito Federal foi in\u00e9dita no pa\u00eds. \u201cFoi uma vit\u00f3ria hist\u00f3rica do sindicato e uma conquista que permanece para toda a vida profissional da categoria\u201d, disse.<\/p>\n<p>A presidente da Federa\u00e7\u00e3o Nacional dos Enfermeiros (FNE), Solange Caetano, ressaltou que o DF se tornou refer\u00eancia nacional nesse tema. \u201cAqui \u00e9 o \u00fanico lugar do Brasil onde existe uma jornada de 20 horas semanais para enfermeiros. Enquanto isso, no Senado Federal tramita a PEC 19, que prop\u00f5e a jornada de 30 horas para a enfermagem em todo o pa\u00eds\u201d, completou.<\/p>\n<p>A proposta em discuss\u00e3o no Congresso Nacional prev\u00ea vincular o piso salarial da enfermagem \u00e0 jornada m\u00e1xima de 30 horas semanais, al\u00e9m de garantir reajuste anual com base na infla\u00e7\u00e3o. A medida busca corrigir distor\u00e7\u00f5es provocadas ap\u00f3s decis\u00e3o do Supremo Tribunal Federal (STF), que permitiu o pagamento do piso proporcional a jornadas de at\u00e9 44 horas semanais, o que reduziu o valor recebido por muitos profissionais.<\/p>\n<p>Considerada uma pauta de justi\u00e7a para a categoria \u2014 composta majoritariamente por mulheres (85%) e pessoas negras (53%) \u2014 a PEC pretende garantir valoriza\u00e7\u00e3o profissional e melhores condi\u00e7\u00f5es de trabalho para enfermeiros, t\u00e9cnicos, auxiliares e parteiras em todo o pa\u00eds.<\/p>\n<p>O representante do Conselho Federal de Enfermagem (Cofen), o conselheiro Jo\u00e3o Batista de Lima tamb\u00e9m convocou a categoria a participar das mobiliza\u00e7\u00f5es nacionais em defesa da PEC 19, que estabelece a jornada de 30 horas semanais para a enfermagem no Brasil. \u201cEssa proposta busca garantir mais qualidade de vida para uma categoria que muitas vezes precisa ter v\u00e1rios empregos para sustentar a fam\u00edlia com dignidade.\u201d<\/p>\n<p>J\u00e1 a ex-presidente do SindEnfermeiro-DF Jacinta relembrou os primeiros passos da organiza\u00e7\u00e3o sindical da categoria. Segundo ela, as discuss\u00f5es sobre a cria\u00e7\u00e3o do sindicato come\u00e7aram ainda dentro do centro cir\u00fargico do Hospital Regional do Gama.<br \/>\n\u201cEu lembro das idas e vindas ao Minist\u00e9rio do Trabalho para conseguir a carta sindical e da primeira sala do sindicato, que n\u00f3s mesmos pag\u00e1vamos, no Edif\u00edcio M\u00e1rcia, no Setor Comercial Sul\u201d, recordou.<\/p>\n<p>O presidente do Coren-DF, Elissandro Nogueira, agradeceu o convite e destacou a import\u00e2ncia da participa\u00e7\u00e3o dos profissionais na organiza\u00e7\u00e3o sindical. Ele incentivou os enfermeiros a fortalecerem a entidade. \u201cCada enfermeiro sindicalizado precisa chamar outro colega para se sindicalizar. Um sindicato forte conquista mais direitos para a categoria\u201d, exclamou.<\/p>\n<p>Durante seu discurso, a deputada Dayse Amarilio tamb\u00e9m criticou o contingenciamento de recursos da sa\u00fade p\u00fablica no Distrito Federal. Segundo ela, a popula\u00e7\u00e3o tem pago o pre\u00e7o com dificuldades de acesso ao atendimento.<br \/>\n\u201cHoje vemos aposentados que n\u00e3o conseguem atendimento nem nas unidades onde trabalharam a vida inteira\u201d, afirmou. A deputada tamb\u00e9m citou o caso da compra do Banco Master pelo BRB, que, segundo ela, teria impactado recursos p\u00fablicos que poderiam estar sendo destinados \u00e0 sa\u00fade.<\/p>\n<p>Encerrando a sess\u00e3o, o presidente do SindEnfermeiro-DF, Jorge Henrique, fez uma reflex\u00e3o sobre o papel da enfermagem e do sindicato diante dos desafios atuais da sa\u00fade p\u00fablica.<\/p>\n<p>Segundo ele, o Sistema \u00danico de Sa\u00fade (SUS) \u00e9 uma das maiores experi\u00eancias de organiza\u00e7\u00e3o social do pa\u00eds, respons\u00e1vel por desenvolver estrat\u00e9gias para compreender as necessidades da popula\u00e7\u00e3o e construir respostas a partir da articula\u00e7\u00e3o entre profissionais, servi\u00e7os e pol\u00edticas p\u00fablicas.<\/p>\n<p>Ele pontou que a enfermagem avan\u00e7ou significativamente nas \u00faltimas d\u00e9cadas, tanto no campo te\u00f3rico quanto na pr\u00e1tica assistencial, e contribuiu diretamente para o fortalecimento das pol\u00edticas p\u00fablicas de sa\u00fade.<\/p>\n<p>Durante o discurso, Jorge Henrique tamb\u00e9m salientou tr\u00eas princ\u00edpios que, segundo ele, marcam a trajet\u00f3ria do sindicato: a defesa da sa\u00fade p\u00fablica, a valoriza\u00e7\u00e3o e dignidade do trabalho da enfermagem e o papel da entidade como instrumento de desenvolvimento social.<br \/>\n\u201cN\u00e3o existe enfermagem forte em um sistema de sa\u00fade enfraquecido. Por isso, precisamos ir al\u00e9m das reivindica\u00e7\u00f5es econ\u00f4micas e defender um projeto de sa\u00fade p\u00fablica que garanta investimento, qualidade no atendimento e valoriza\u00e7\u00e3o dos trabalhadores\u201d, afirmou.<\/p>\n<p>Ele tamb\u00e9m enfatizou a independ\u00eancia pol\u00edtica da entidade e explicou que o sindicato n\u00e3o vende pauta, pois a luta \u00e9 por uma pol\u00edtica de sa\u00fade forte.<\/p>\n<p>Ao final da celebra\u00e7\u00e3o, ex-diretores, integrantes da atual diretoria, funcion\u00e1rios da entidade e filiados presentes receberam men\u00e7\u00f5es honrosas em reconhecimento \u00e0 contribui\u00e7\u00e3o de cada um para a constru\u00e7\u00e3o e fortalecimento dos 45 anos de hist\u00f3ria do SindEnfermeiro-DF.<\/p>\n<p>&nbsp;<\/p>\n<p><a href=\"https:\/\/flic.kr\/s\/aHBqjCMmq6\">Veja as fotos<\/a><\/p>\n<p>&nbsp;<\/p>\n<p><em>Por Camila Piacesi<\/em><\/p>\n","protected":false},"excerpt":{"rendered":"<p>&nbsp; O Sindicato dos Enfermeiros do Distrito Federal (SindEnfermeiro-DF) celebrou 45 anos de hist\u00f3ria com uma sess\u00e3o solene no audit\u00f3rio da C\u00e2mara Legislativa do Distrito Federal (CLDF). A homenagem foi proposta pela deputada distrital Dayse Amarilio (PSB) e realizada na tarde de sexta-feira (6), quando reuniu mais de 300 filiados e convidados. Durante a cerim\u00f4nia, [&hellip;]<\/p>\n","protected":false},"author":7,"featured_media":45620,"comment_status":"open","ping_status":"open","sticky":false,"template":"","format":"standard","meta":{"footnotes":""},"categories":[6],"tags":[937,912,257],"class_list":["post-45619","post","type-post","status-publish","format-standard","has-post-thumbnail","hentry","category-noticias","tag-45-anos","tag-camila-piacesi","tag-sessao-solene"],"_links":{"self":[{"href":"https:\/\/sindenfermeiro.com.br\/index.php\/wp-json\/wp\/v2\/posts\/45619","targetHints":{"allow":["GET"]}}],"collection":[{"href":"https:\/\/sindenfermeiro.com.br\/index.php\/wp-json\/wp\/v2\/posts"}],"about":[{"href":"https:\/\/sindenfermeiro.com.br\/index.php\/wp-json\/wp\/v2\/types\/post"}],"author":[{"embeddable":true,"href":"https:\/\/sindenfermeiro.com.br\/index.php\/wp-json\/wp\/v2\/users\/7"}],"replies":[{"embeddable":true,"href":"https:\/\/sindenfermeiro.com.br\/index.php\/wp-json\/wp\/v2\/comments?post=45619"}],"version-history":[{"count":1,"href":"https:\/\/sindenfermeiro.com.br\/index.php\/wp-json\/wp\/v2\/posts\/45619\/revisions"}],"predecessor-version":[{"id":45621,"href":"https:\/\/sindenfermeiro.com.br\/index.php\/wp-json\/wp\/v2\/posts\/45619\/revisions\/45621"}],"wp:featuredmedia":[{"embeddable":true,"href":"https:\/\/sindenfermeiro.com.br\/index.php\/wp-json\/wp\/v2\/media\/45620"}],"wp:attachment":[{"href":"https:\/\/sindenfermeiro.com.br\/index.php\/wp-json\/wp\/v2\/media?parent=45619"}],"wp:term":[{"taxonomy":"category","embeddable":true,"href":"https:\/\/sindenfermeiro.com.br\/index.php\/wp-json\/wp\/v2\/categories?post=45619"},{"taxonomy":"post_tag","embeddable":true,"href":"https:\/\/sindenfermeiro.com.br\/index.php\/wp-json\/wp\/v2\/tags?post=45619"}],"curies":[{"name":"wp","href":"https:\/\/api.w.org\/{rel}","templated":true}]}}