{"id":45613,"date":"2026-03-06T10:28:52","date_gmt":"2026-03-06T13:28:52","guid":{"rendered":"https:\/\/sindenfermeiro.com.br\/?p=45613"},"modified":"2026-04-29T04:28:50","modified_gmt":"2026-04-29T07:28:50","slug":"projeto-de-ibanes-para-socorrer-brb-e-mais-do-mesmo-entrega-do-patrimonio-publico-para-rentistas","status":"publish","type":"post","link":"https:\/\/sindenfermeiro.com.br\/index.php\/2026\/03\/06\/projeto-de-ibanes-para-socorrer-brb-e-mais-do-mesmo-entrega-do-patrimonio-publico-para-rentistas\/","title":{"rendered":"Projeto de Ibaneis para socorrer BRB \u00e9 mais do mesmo: entrega do patrim\u00f4nio p\u00fablico para rentistas."},"content":{"rendered":"<p>&nbsp;<\/p>\n<blockquote><p><span data-contrast=\"none\">Por Jorge Henrique, presidente do SindEnfermeiro-DF<\/span><span data-ccp-props=\"{}\">\u00a0<\/span><\/p><\/blockquote>\n<p><span data-contrast=\"none\">O projeto de lei aprovado pela C\u00e2mara\u00a0Legislativa do\u00a0Distrito\u00a0Federal,\u00a0na \u00faltima\u00a0ter\u00e7a\u00a0(03)\u00a0,\u00a0para cobrir os preju\u00edzos das opera\u00e7\u00f5es do BRB com o banco Master,\u00a0longe de ser a solu\u00e7\u00e3o para\u00a0sua crise financeira, segue a mesma\u00a0l\u00f3gica\u00a0que\u00a0levou o banco a adquirir um\u00a0rombo bilion\u00e1rio:\u00a0a din\u00e2mica de acumula\u00e7\u00e3o de capital atrav\u00e9s da\u00a0extra\u00e7\u00e3o de rendimento financeiro e imobili\u00e1rio.<\/span><span data-ccp-props=\"{&quot;335551550&quot;:6,&quot;335551620&quot;:6}\">\u00a0<\/span><\/p>\n<p><span data-contrast=\"none\">O BRB \u00e9 um banco que tem uma robusta carta\u00a0de cr\u00e9dito imobili\u00e1rio. Quem mora em Bras\u00edlia sabe que a renda da terra (atrav\u00e9s do aluguel e venda) gera um fluxo enorme de cr\u00e9dito banc\u00e1rio para\u00a0a popula\u00e7\u00e3o, principalmente servidores p\u00fablicos, que contraem d\u00edvidas para aquisi\u00e7\u00e3o de im\u00f3veis no\u00a0DF.\u00a0<\/span><span data-ccp-props=\"{&quot;335551550&quot;:6,&quot;335551620&quot;:6}\">\u00a0<\/span><\/p>\n<p><span data-contrast=\"none\">Parte desse cr\u00e9dito\/ d\u00edvida\u00a0retorna na forma de juros\u00a0e\u00a0\u00e9 reinvestido no sistema financeiro\u00a0sem qualquer discuss\u00e3o sobre a necessidade de investimento no setor produtivo. Ao optar em investir em ativos para se obter juros sobre juros, o banco passa a operar um esquema\u00a0pol\u00edtico\u00a0em que a\u00a0prioridade \u00e9 gerar\u00a0renda\u00a0para ser\u00a0apropriada por elites privadas e financeiras, em detrimento da popula\u00e7\u00e3o brasiliense.\u00a0<\/span><span data-ccp-props=\"{&quot;335551550&quot;:6,&quot;335551620&quot;:6}\">\u00a0<\/span><\/p>\n<p><span data-contrast=\"none\">Isso acontece devido\u00a0ao baixo investimento\u00a0no setor\u00a0produtivo, em ci\u00eancia e tecnologia, em inova\u00e7\u00e3o, em diversifica\u00e7\u00e3o industrial;\u00a0\u00e0\u00a0deteriora\u00e7\u00e3o da infraestrutura p\u00fablica;\u00a0e ao\u00a0desinvestimento em pol\u00edticas p\u00fablicas\u00a0no DF.\u00a0Por ilustra\u00e7\u00e3o, podemos olhar\u00a0para a redu\u00e7\u00e3o do percentual do tesouro investido na sa\u00fade p\u00fablica nos \u00faltimos 10 anos (21% das receitas em 2015 contra 12% em 2025), al\u00e9m do contingenciamento de R$ 500 milh\u00f5es em 2025 e do corte de R$ 1 bilh\u00e3o na sa\u00fade em Lei Or\u00e7ament\u00e1ria Anual de 2026.<\/span><span data-ccp-props=\"{&quot;335551550&quot;:6,&quot;335551620&quot;:6}\">\u00a0<\/span><\/p>\n<p><span data-contrast=\"none\">O governo\u00a0Ibaneis\/ Celina fez uma op\u00e7\u00e3o pol\u00edtica de reduzir a capacidade\u00a0do BRB\u00a0de induzir o\u00a0desenvolvimento econ\u00f4mico e social para alimentar o\u00a0rentismo\u00a0da terra e a\u00a0financeiriza\u00e7\u00e3o\u00a0da economia.\u00a0O\u00a0investimento sistem\u00e1tico do BRB em ativos do banco Master, portanto,\u00a0foi uma opera\u00e7\u00e3o para\u00a0sequestrar\u00a0profusamente a\u00a0riqueza produzida pelo DF para transferir ao sistema financeiro.\u00a0Suspeita-se que os valores investidos no banco nestes \u00faltimos dois anos ultrapassem o\u00a0valor de\u00a0R$\u00a030 bilh\u00f5es.<\/span><span data-ccp-props=\"{&quot;335551550&quot;:6,&quot;335551620&quot;:6}\">\u00a0<\/span><\/p>\n<p><span data-contrast=\"none\">N\u00e3o \u00e9 de hoje que o\u00a0governo alimenta\u00a0o\u00a0esquema de extra\u00e7\u00e3o de renda da terra e imobili\u00e1ria.\u00a0\u00a0A atividade industrial no DF \u00e9 pequena se comparada \u00e0 din\u00e2mica do setor de servi\u00e7os e imobili\u00e1rio. A\u00a0inutiliza\u00e7\u00e3o da propriedade p\u00fablica para produ\u00e7\u00e3o de bens e servi\u00e7os leva\u00a0ao monop\u00f3lio da terra, especula\u00e7\u00e3o imobili\u00e1ria, aumento do pre\u00e7o de aluguel etc.\u00a0N\u00e3o \u00e9 coincid\u00eancia que os principais empres\u00e1rios de Bras\u00edlia s\u00e3o do setor imobili\u00e1rio.\u00a0<\/span><span data-ccp-props=\"{&quot;335551550&quot;:6,&quot;335551620&quot;:6}\">\u00a0<\/span><\/p>\n<p><span data-contrast=\"none\">A escassez de produ\u00e7\u00e3o de inova\u00e7\u00e3o e a falta de diversifica\u00e7\u00e3o industrial atrav\u00e9s de compras governamentais em propriedades p\u00fablicas impedem que o valor produzido pelo trabalho seja realocado para as demandas da popula\u00e7\u00e3o. Essa din\u00e2mica, contrariamente,\u00a0aumenta as desigualdades de renda, aumento dos pre\u00e7os e do custo de vida (alimenta\u00e7\u00e3o, moradia, educa\u00e7\u00e3o, sa\u00fade), al\u00e9m de revitalizar o\u00a0ciclo de\u00a0endividamento\u00a0\u2013 atrav\u00e9s da renova\u00e7\u00e3o\u00a0permanente de empr\u00e9stimos e cr\u00e9ditos imobili\u00e1rios\u00a0&#8211;\u00a0e crise financeira\u00a0da popula\u00e7\u00e3o, ao passo que propriet\u00e1rios de terra e de im\u00f3veis ficam mais ricos.\u00a0<\/span><span data-ccp-props=\"{&quot;335551550&quot;:6,&quot;335551620&quot;:6}\">\u00a0<\/span><\/p>\n<p><span data-contrast=\"none\">O projeto de lei aprovado pela\u00a0CLDF\u00a0que autoriza o uso de nove im\u00f3veis p\u00fablicos (incluindo terrenos da\u00a0Terracap,\u00a0NOVACAP,\u00a0CAESB\u00a0e CEB, Parque de Apoio da Sa\u00fade, Serrinha dentre outros) como garantia ou venda para refor\u00e7ar o capital do banco n\u00e3o tem, portanto,\u00a0a inten\u00e7\u00e3o\u00a0apenas\u00a0de salvar\u00a0Ibaneis\u00a0e sua base aliada na CLDF, \u00e9\u00a0muito\u00a0pior!\u00a0Ibaneis\u00a0\u00e9 s\u00e1dico!\u00a0Quer continuar entregando o patrim\u00f4nio p\u00fablico para rentistas!<\/span><span data-ccp-props=\"{&quot;335551550&quot;:6,&quot;335551620&quot;:6}\">\u00a0<\/span><\/p>\n<p><span data-contrast=\"none\">O projeto \u00e9 parte do mesmo esquema que fez o BRB negociar dezenas de bilh\u00f5es com o Master.<\/span><span data-contrast=\"none\">\u202fFaz parte\u00a0de uma pol\u00edtica de concentra\u00e7\u00e3o de capital alicer\u00e7ada pelo\u00a0Buriti, que imp\u00f5e uma s\u00e9rie de constrangimentos financeiros \u00e0 sa\u00fade e a outras pol\u00edticas p\u00fablicas, e\u00a0transfere o or\u00e7amento, terras e o patrim\u00f4nio p\u00fablico para rentistas.\u00a0<\/span><span data-ccp-props=\"{&quot;335551550&quot;:6,&quot;335551620&quot;:6}\">\u00a0<\/span><\/p>\n<p><span data-contrast=\"none\">Isso expressa o peso do\u00a0rentismo\u00a0da terra e do aluguel de im\u00f3veis no processo de\u00a0financeiriza\u00e7\u00e3o\u00a0da economia, devido,\u00a0principalmente,\u00a0\u00e0 estreita rela\u00e7\u00e3o com\u00a0a concess\u00e3o de\u00a0cr\u00e9ditos\u00a0(empr\u00e9stimos) banc\u00e1rios e ao processo de explora\u00e7\u00e3o, valoriza\u00e7\u00e3o e especula\u00e7\u00e3o da terra e imobili\u00e1ria, que engendra paralelamente uma din\u00e2mica de desigualdade social e econ\u00f4mica, concentra\u00e7\u00e3o da propriedade,\u00a0gentrifica\u00e7\u00e3o, al\u00e9m da eleva\u00e7\u00e3o dos pre\u00e7os de aluguel e habita\u00e7\u00e3o.<\/span><span data-ccp-props=\"{&quot;335551550&quot;:6,&quot;335551620&quot;:6}\">\u00a0<\/span><\/p>\n<p><span data-contrast=\"none\">Os terrenos devem ser considerados bens p\u00fablicos estrat\u00e9gicos,\u00a0contra a\u00a0financeiriza\u00e7\u00e3o\u00a0especulativa. Para isso, o uso p\u00fablico da terra deve ser direcionado\u00a0investimento produtivo e social.\u00a0<\/span><span data-contrast=\"auto\">O\u00a0governo\u00a0precisa\u00a0acabar\u00a0tamb\u00e9m\u00a0com a bolsa empres\u00e1rio, reduzindo a ren\u00fancia fiscal de R$ 10 bilh\u00f5es para o mesmo patamar de 2019 (R$ 1,9 bilh\u00e3o).\u202fAl\u00e9m disso, o governo tem que acabar com\u00a0as terceiriza\u00e7\u00f5es dos servi\u00e7os, como no caso do IGESDF, que absorve mais de R$ 2 bilh\u00f5es da sa\u00fade, e interromper a entrega do patrim\u00f4nio p\u00fablico para o setor privado.\u00a0<\/span><span data-ccp-props=\"{&quot;335551550&quot;:6,&quot;335551620&quot;:6}\">\u00a0<\/span><\/p>\n<p><span data-contrast=\"auto\">Dessa forma, os recursos podem ser utilizados em benef\u00edcio da popula\u00e7\u00e3o e desenvolvimento da cidade.\u00a0Mas para isso \u00e9 necess\u00e1rio que a popula\u00e7\u00e3o\u00a0derrote a pol\u00edtica de\u00a0Ibaneis\/ Celina e construa um caminho para que outro bloco pol\u00edtico, alinhado com suas demandas,\u00a0desenvolva\u00a0um plano de investimento no setor produtivo\u00a0que crie emprego, fortale\u00e7a as pol\u00edticas p\u00fablicas e que reduza as desigualdades sociais.\u00a0<\/span><span data-ccp-props=\"{&quot;335551550&quot;:6,&quot;335551620&quot;:6}\">\u00a0<\/span><\/p>\n<p><span data-ccp-props=\"{&quot;335551550&quot;:6,&quot;335551620&quot;:6}\">\u00a0<\/span><\/p>\n<p><span data-ccp-props=\"{}\">\u00a0<\/span><\/p>\n","protected":false},"excerpt":{"rendered":"<p>&nbsp; Por Jorge Henrique, presidente do SindEnfermeiro-DF\u00a0 O projeto de lei aprovado pela C\u00e2mara\u00a0Legislativa do\u00a0Distrito\u00a0Federal,\u00a0na \u00faltima\u00a0ter\u00e7a\u00a0(03)\u00a0,\u00a0para cobrir os preju\u00edzos das opera\u00e7\u00f5es do BRB com o banco Master,\u00a0longe de ser a solu\u00e7\u00e3o para\u00a0sua crise financeira, segue a mesma\u00a0l\u00f3gica\u00a0que\u00a0levou o banco a adquirir um\u00a0rombo bilion\u00e1rio:\u00a0a din\u00e2mica de acumula\u00e7\u00e3o de capital atrav\u00e9s da\u00a0extra\u00e7\u00e3o de rendimento financeiro e imobili\u00e1rio.\u00a0 [&hellip;]<\/p>\n","protected":false},"author":6,"featured_media":45433,"comment_status":"open","ping_status":"open","sticky":false,"template":"","format":"standard","meta":{"footnotes":""},"categories":[6],"tags":[925,84,121,934,936],"class_list":["post-45613","post","type-post","status-publish","format-standard","has-post-thumbnail","hentry","category-noticias","tag-brb","tag-df","tag-ibaneis","tag-master","tag-orcamento"],"_links":{"self":[{"href":"https:\/\/sindenfermeiro.com.br\/index.php\/wp-json\/wp\/v2\/posts\/45613","targetHints":{"allow":["GET"]}}],"collection":[{"href":"https:\/\/sindenfermeiro.com.br\/index.php\/wp-json\/wp\/v2\/posts"}],"about":[{"href":"https:\/\/sindenfermeiro.com.br\/index.php\/wp-json\/wp\/v2\/types\/post"}],"author":[{"embeddable":true,"href":"https:\/\/sindenfermeiro.com.br\/index.php\/wp-json\/wp\/v2\/users\/6"}],"replies":[{"embeddable":true,"href":"https:\/\/sindenfermeiro.com.br\/index.php\/wp-json\/wp\/v2\/comments?post=45613"}],"version-history":[{"count":3,"href":"https:\/\/sindenfermeiro.com.br\/index.php\/wp-json\/wp\/v2\/posts\/45613\/revisions"}],"predecessor-version":[{"id":45616,"href":"https:\/\/sindenfermeiro.com.br\/index.php\/wp-json\/wp\/v2\/posts\/45613\/revisions\/45616"}],"wp:featuredmedia":[{"embeddable":true,"href":"https:\/\/sindenfermeiro.com.br\/index.php\/wp-json\/wp\/v2\/media\/45433"}],"wp:attachment":[{"href":"https:\/\/sindenfermeiro.com.br\/index.php\/wp-json\/wp\/v2\/media?parent=45613"}],"wp:term":[{"taxonomy":"category","embeddable":true,"href":"https:\/\/sindenfermeiro.com.br\/index.php\/wp-json\/wp\/v2\/categories?post=45613"},{"taxonomy":"post_tag","embeddable":true,"href":"https:\/\/sindenfermeiro.com.br\/index.php\/wp-json\/wp\/v2\/tags?post=45613"}],"curies":[{"name":"wp","href":"https:\/\/api.w.org\/{rel}","templated":true}]}}