{"id":45567,"date":"2026-02-06T13:38:58","date_gmt":"2026-02-06T16:38:58","guid":{"rendered":"https:\/\/sindenfermeiro.com.br\/?p=45567"},"modified":"2026-04-30T21:22:44","modified_gmt":"2026-05-01T00:22:44","slug":"ata-assembleia-geral-ordinaria-eleicao-da-comissao-eleitoral-2026","status":"publish","type":"post","link":"https:\/\/sindenfermeiro.com.br\/index.php\/2026\/02\/06\/ata-assembleia-geral-ordinaria-eleicao-da-comissao-eleitoral-2026\/","title":{"rendered":"Ata Assembleia Geral Ordin\u00e1ria \u2013 Elei\u00e7\u00e3o da Comiss\u00e3o Eleitoral 2026"},"content":{"rendered":"<p><a href=\"https:\/\/sindenfermeiro.com.br\/wp-content\/uploads\/2026\/02\/Ata-Assembleia-Geral-Ordinaria.pdf\">Ata Assembleia Geral Ordin\u00e1ria<\/a><\/p>\n","protected":false},"excerpt":{"rendered":"<p>Ata Assembleia Geral Ordin\u00e1ria<\/p>\n","protected":false},"author":7,"featured_media":45465,"comment_status":"open","ping_status":"open","sticky":false,"template":"","format":"standard","meta":{"footnotes":""},"categories":[932],"tags":[],"class_list":["post-45567","post","type-post","status-publish","format-standard","has-post-thumbnail","hentry","category-eleicoes-26"],"_links":{"self":[{"href":"https:\/\/sindenfermeiro.com.br\/index.php\/wp-json\/wp\/v2\/posts\/45567","targetHints":{"allow":["GET"]}}],"collection":[{"href":"https:\/\/sindenfermeiro.com.br\/index.php\/wp-json\/wp\/v2\/posts"}],"about":[{"href":"https:\/\/sindenfermeiro.com.br\/index.php\/wp-json\/wp\/v2\/types\/post"}],"author":[{"embeddable":true,"href":"https:\/\/sindenfermeiro.com.br\/index.php\/wp-json\/wp\/v2\/users\/7"}],"replies":[{"embeddable":true,"href":"https:\/\/sindenfermeiro.com.br\/index.php\/wp-json\/wp\/v2\/comments?post=45567"}],"version-history":[{"count":1,"href":"https:\/\/sindenfermeiro.com.br\/index.php\/wp-json\/wp\/v2\/posts\/45567\/revisions"}],"predecessor-version":[{"id":45569,"href":"https:\/\/sindenfermeiro.com.br\/index.php\/wp-json\/wp\/v2\/posts\/45567\/revisions\/45569"}],"wp:featuredmedia":[{"embeddable":true,"href":"https:\/\/sindenfermeiro.com.br\/index.php\/wp-json\/wp\/v2\/media\/45465"}],"wp:attachment":[{"href":"https:\/\/sindenfermeiro.com.br\/index.php\/wp-json\/wp\/v2\/media?parent=45567"}],"wp:term":[{"taxonomy":"category","embeddable":true,"href":"https:\/\/sindenfermeiro.com.br\/index.php\/wp-json\/wp\/v2\/categories?post=45567"},{"taxonomy":"post_tag","embeddable":true,"href":"https:\/\/sindenfermeiro.com.br\/index.php\/wp-json\/wp\/v2\/tags?post=45567"}],"curies":[{"name":"wp","href":"https:\/\/api.w.org\/{rel}","templated":true}]}}