{"id":45556,"date":"2026-02-04T12:13:41","date_gmt":"2026-02-04T15:13:41","guid":{"rendered":"https:\/\/sindenfermeiro.com.br\/?p=45556"},"modified":"2026-04-30T20:11:46","modified_gmt":"2026-04-30T23:11:46","slug":"qual-o-papel-dos-sindicatos-diante-da-crise-do-banco-master-e-brb","status":"publish","type":"post","link":"https:\/\/sindenfermeiro.com.br\/index.php\/2026\/02\/04\/qual-o-papel-dos-sindicatos-diante-da-crise-do-banco-master-e-brb\/","title":{"rendered":"Qual o papel dos sindicatos diante da crise do banco Master e BRB?"},"content":{"rendered":"<p><img loading=\"lazy\" decoding=\"async\" class=\"size-medium wp-image-45557 aligncenter\" src=\"https:\/\/sindenfermeiro.com.br\/wp-content\/uploads\/2026\/02\/IMG_3251-300x225.jpg\" alt=\"\" width=\"300\" height=\"225\" srcset=\"https:\/\/sindenfermeiro.com.br\/wp-content\/uploads\/2026\/02\/IMG_3251-300x225.jpg 300w, https:\/\/sindenfermeiro.com.br\/wp-content\/uploads\/2026\/02\/IMG_3251-1024x768.jpg 1024w, https:\/\/sindenfermeiro.com.br\/wp-content\/uploads\/2026\/02\/IMG_3251-768x576.jpg 768w, https:\/\/sindenfermeiro.com.br\/wp-content\/uploads\/2026\/02\/IMG_3251-1536x1152.jpg 1536w, https:\/\/sindenfermeiro.com.br\/wp-content\/uploads\/2026\/02\/IMG_3251-2048x1536.jpg 2048w\" sizes=\"auto, (max-width: 300px) 100vw, 300px\" \/><\/p>\n<blockquote><p><strong>Por Jorge Henrique, presidente do SindEnfermeiro-DF\u00a0<\/strong><\/p><\/blockquote>\n<p>Nas \u00faltimas semanas, a rela\u00e7\u00e3o entre o governo do Distrito Federal, o Banco de Bras\u00edlia (BRB) e o Banco Master ganhou destaque na m\u00eddia e no debate pol\u00edtico brasileiro. A crise financeira e pol\u00edtica envolvendo o banco de Daniel Vorcaro atingiu em cheio o governador do DF, Ibaneis Rocha. O caso est\u00e1 ligado \u00e0 tentativa de compra do Banco Master pelo BRB em uma opera\u00e7\u00e3o bilion\u00e1ria que acabou gerando uma s\u00e9rie de investiga\u00e7\u00f5es.<\/p>\n<p>Entre 2024 e 2025, o BRB adquiriu aproximadamente R$ 16 bilh\u00f5es em carteiras de cr\u00e9dito do Banco Master. O Banco Central identificou que a maior parte desses ativos eram fraudulentos ou inexistentes, deixando a institui\u00e7\u00e3o p\u00fablica exposta a riscos elevados e podendo gerar um preju\u00edzo de at\u00e9 R$ 5 bilh\u00f5es para os cofres do banco p\u00fablico.<\/p>\n<p>No centro das investiga\u00e7\u00f5es, Ibaneis Rocha aparece como suposto operador da aproxima\u00e7\u00e3o entre o BRB e o Banco Master. Em depoimento \u00e0 Pol\u00edcia Federal, Vorcaro confirmou que manteve encontros com o governador do DF entre 2024 e 2025, incluindo visitas pessoais, e afirmou que algumas dessas conversas foram relacionadas \u00e0 negocia\u00e7\u00e3o entre os dois bancos.<\/p>\n<p>Em meados de 2025, Ibaneis assumiu publicamente o papel de principal articulador pol\u00edtico da compra do banco Master pelo BRB, sancionando lei aprovada pela C\u00e2mara Legislativa do DF (CLDF) que autorizava a aquisi\u00e7\u00e3o do banco pelo valor de R$ 2 bilh\u00f5es. O Banco Central indeferiu o requerimento referente \u00e0 aquisi\u00e7\u00e3o de 49% das a\u00e7\u00f5es ordin\u00e1rias e 100% das a\u00e7\u00f5es preferenciais do Banco, devido \u00e0s suspeitas de opera\u00e7\u00f5es com carteiras de cr\u00e9dito sem lastros e fraude financeira.<\/p>\n<p>Toda essa trama envolvendo o governador e o Banco Master pode impactar direta e indiretamente os servi\u00e7os p\u00fablicos do DF, pois o BRB \u00e9 um banco p\u00fablico controlado pelo GDF, e esse caso envolve recursos, confian\u00e7a institucional e riscos financeiros que reverberam no or\u00e7amento p\u00fablico. Como acionista majorit\u00e1rio, o governo vai ter que cobrir preju\u00edzos do banco para garantir sua solv\u00eancia.<\/p>\n<p>Conhecendo a pol\u00edtica or\u00e7ament\u00e1ria de Ibaneis para as pol\u00edticas p\u00fablicas, o governo deve retirar dinheiro de \u00e1reas priorit\u00e1rias como sa\u00fade, educa\u00e7\u00e3o, seguran\u00e7a e infraestrutura para socorrer o BRB. Isso deve impactar sobremaneira os servi\u00e7os p\u00fablicos da capital federal, pois o governo j\u00e1 vem adotando um regime de austeridade fiscal nos \u00faltimos anos.<\/p>\n<p>N\u00e3o \u00e9 novidade, por exemplo, que Ibaneis Rocha vem promovendo constrangimentos \u00e0 sa\u00fade, reduzindo sistematicamente o investimento em a\u00e7\u00f5es e servi\u00e7os p\u00fablicos. Em 2025, com base no Projeto de Lei Or\u00e7ament\u00e1ria Anual, o governo aplicou em a\u00e7\u00f5es e servi\u00e7os de sa\u00fade um percentual de 12,11% das receitas correntes l\u00edquidas, abaixo do valor m\u00ednimo constitucional que \u00e9 de 13,13%. Em 2015 (10 anos atr\u00e1s), esse percentual foi 21,29%.<\/p>\n<p>Em junho de 2025, em uma canetada, Ibaneis contingenciou aproximadamente R$ 500 milh\u00f5es da sa\u00fade. Para 2026, o governo aprovou lei or\u00e7ament\u00e1ria reduzindo a despesa do Fundo Constitucional na sa\u00fade em R$ 1,1 bilh\u00e3o, apontando deliberadamente para uma pol\u00edtica de restri\u00e7\u00e3o or\u00e7ament\u00e1ria e estrangulamento das a\u00e7\u00f5es e servi\u00e7os de sa\u00fade.<\/p>\n<p>No final do ano passado, acompanhamos a crise financeira do Hospital da Crian\u00e7a de Bras\u00edlia Jos\u00e9 Alencar (HCB). Devido \u00e0 falta de repasses da Secretaria de Sa\u00fade do DF (R$ 118 milh\u00f5es), o hospital teve que bloquear 24 leitos de Unidade de Terapia Intensiva e 65 leitos de interna\u00e7\u00e3o (89 leitos no total), descontinuando e comprometendo o atendimento a pacientes internados, com c\u00e2ncer ou outro quadro de sa\u00fade mais grave.<\/p>\n<p>Essa pol\u00edtica orientada para o desfinanciamento da sa\u00fade tem uma explica\u00e7\u00e3o: Ibaneis precisa salvar o BRB e garantir suas opera\u00e7\u00f5es ap\u00f3s o rombo gerado pelos investimentos no banco Master. Para isso, ir\u00e1 sacrificar os servi\u00e7os p\u00fablicos, servidores e a popula\u00e7\u00e3o do DF. Os servidores p\u00fablicos, por exemplo, j\u00e1 iniciaram o ano sob amea\u00e7a de n\u00e3o receberem o pagamento de TPD (uma esp\u00e9cie de hora extra) e adicional noturno.<\/p>\n<p>Em memorando da Secretaria de Economia, o Governo est\u00e1 retirando o direito dos servidores converterem os per\u00edodos n\u00e3o usufru\u00eddos da licen\u00e7as-pr\u00eamios em pec\u00fania com a justificativa de conten\u00e7\u00e3o de despesas. Al\u00e9m disso, fantasmas que outrora amea\u00e7avam os servidores, como o recadastramento dos t\u00edtulos para aquisi\u00e7\u00e3o da GTIT (gratifica\u00e7\u00e3o de titula\u00e7\u00e3o), reapareceram para acabar com a paz daqueles que s\u00f3 querem garantir direitos j\u00e1 conquistados. A verdade \u00e9 que os servidores ir\u00e3o enfrentar uma fase de cortes de benef\u00edcios e direitos devido \u00e0s conten\u00e7\u00f5es no or\u00e7amento p\u00fablico.<\/p>\n<p>Diante de toda essa crise, os sindicatos devem sair em defesa do BRB e do seu papel estrat\u00e9gico como instrumento de gest\u00e3o financeira, de pol\u00edticas p\u00fablicas, do desenvolvimento e estruturante do DF. Ao mesmo tempo, o movimento sindical deve recha\u00e7ar a pol\u00edtica de Ibaneis, denunciando a utiliza\u00e7\u00e3o do banco para interesses particulares.<\/p>\n<p>Ibaneis quer utilizar a crise envolvendo o BRB para intensificar os ataques aos servi\u00e7os p\u00fablicos, aos direitos dos servidores e manter intacta a pol\u00edtica de entrega do patrim\u00f4nio e or\u00e7amento p\u00fablicos para o setor privado. Defender o BRB n\u00e3o significa defender a pol\u00edtica de desmonte do governo. \u00a0Por isso, os sindicatos devem mobilizar a popula\u00e7\u00e3o e os trabalhadores para defenderem os servi\u00e7os e o patrim\u00f4nio p\u00fablicos da cidade.<\/p>\n<p>Uma das medidas que o movimento sindical deve exigir junto aos partidos, movimentos sociais e \u00e0 juventude \u00e9 que o governo acabe com a bolsa empres\u00e1rio, reduzindo a ren\u00fancia fiscal de R$ 10 bilh\u00f5es para o mesmo patamar de 2019 (R$ 1,9 bilh\u00e3o).\u00a0Os sindicatos devem fazer, tamb\u00e9m, uma luta permanente para acabar com as terceiriza\u00e7\u00f5es dos servi\u00e7os, como no caso do IGESDF, que absorve mais de R$ 2 bilh\u00f5es da sa\u00fade. Dessa forma, os recursos podem ser utilizados em benef\u00edcio da popula\u00e7\u00e3o e desenvolvimento da cidade.<\/p>\n<p>Em 2026, o desafio central ser\u00e1 enfrentar e reverter o desmonte das pol\u00edticas p\u00fablicas no DF. Ibaneis j\u00e1 escolheu cortar o or\u00e7amento da sa\u00fade, aprofundar terceiriza\u00e7\u00f5es, manter o d\u00e9ficit de 25 mil servidores sem novas nomea\u00e7\u00f5es, e ignorar as demandas dos servidores por reestrutura\u00e7\u00e3o das carreiras e melhorias em infraestrutura.<\/p>\n<p>Cabe aos sindicatos e servidores, uma ampla mobiliza\u00e7\u00e3o para recompor o or\u00e7amento da Sa\u00fade, realizar concursos p\u00fablicos, garantir condi\u00e7\u00f5es dignas de trabalho e assegurar a valoriza\u00e7\u00e3o salarial servidores. Mas isso s\u00f3 vai acontecer se os sindicatos organizarem um movimento unificado para impor uma derrota \u00e0 pol\u00edtica de Ibaneis de destrui\u00e7\u00e3o dos servi\u00e7os p\u00fablicos. \u00c9 ilus\u00e3o achar que uma aproxima\u00e7\u00e3o com o governo Ibaneis neste momento ir\u00e1 garantir qualquer melhoria para os servidores e para os servi\u00e7os p\u00fablicos da cidade.<\/p>\n<p>O movimento sindical do DF n\u00e3o deve titubear em apoiar o pedido de abertura da CPI do banco Master na CLDF. Al\u00e9m disso, mediante todas as provas de envolvimento do Ibaneis no esc\u00e2ndalo envolvendo o BRB, os sindicatos devem participar de toda e qualquer mobiliza\u00e7\u00e3o que pe\u00e7a o afastamento de Ibaneis do cargo.<\/p>\n<p><strong>O SindEnfermeiro seguir\u00e1 mobilizado, se opondo \u00e0 pol\u00edtica de desmonte e terceiriza\u00e7\u00e3o de Ibaneis Rocha, e defendendo a amplia\u00e7\u00e3o do investimento em pol\u00edticas p\u00fablicas, em especial para constru\u00e7\u00e3o de um SUS p\u00fablico, universal e de qualidade no DF.<\/strong><\/p>\n<p>&nbsp;<\/p>\n<p>&nbsp;<\/p>\n","protected":false},"excerpt":{"rendered":"<p>Por Jorge Henrique, presidente do SindEnfermeiro-DF\u00a0 Nas \u00faltimas semanas, a rela\u00e7\u00e3o entre o governo do Distrito Federal, o Banco de Bras\u00edlia (BRB) e o Banco Master ganhou destaque na m\u00eddia e no debate pol\u00edtico brasileiro. A crise financeira e pol\u00edtica envolvendo o banco de Daniel Vorcaro atingiu em cheio o governador do DF, Ibaneis Rocha. [&hellip;]<\/p>\n","protected":false},"author":6,"featured_media":45557,"comment_status":"open","ping_status":"open","sticky":false,"template":"","format":"standard","meta":{"footnotes":""},"categories":[6],"tags":[925,121,934,935],"class_list":["post-45556","post","type-post","status-publish","format-standard","has-post-thumbnail","hentry","category-noticias","tag-brb","tag-ibaneis","tag-master","tag-vocaro"],"_links":{"self":[{"href":"https:\/\/sindenfermeiro.com.br\/index.php\/wp-json\/wp\/v2\/posts\/45556","targetHints":{"allow":["GET"]}}],"collection":[{"href":"https:\/\/sindenfermeiro.com.br\/index.php\/wp-json\/wp\/v2\/posts"}],"about":[{"href":"https:\/\/sindenfermeiro.com.br\/index.php\/wp-json\/wp\/v2\/types\/post"}],"author":[{"embeddable":true,"href":"https:\/\/sindenfermeiro.com.br\/index.php\/wp-json\/wp\/v2\/users\/6"}],"replies":[{"embeddable":true,"href":"https:\/\/sindenfermeiro.com.br\/index.php\/wp-json\/wp\/v2\/comments?post=45556"}],"version-history":[{"count":6,"href":"https:\/\/sindenfermeiro.com.br\/index.php\/wp-json\/wp\/v2\/posts\/45556\/revisions"}],"predecessor-version":[{"id":45563,"href":"https:\/\/sindenfermeiro.com.br\/index.php\/wp-json\/wp\/v2\/posts\/45556\/revisions\/45563"}],"wp:featuredmedia":[{"embeddable":true,"href":"https:\/\/sindenfermeiro.com.br\/index.php\/wp-json\/wp\/v2\/media\/45557"}],"wp:attachment":[{"href":"https:\/\/sindenfermeiro.com.br\/index.php\/wp-json\/wp\/v2\/media?parent=45556"}],"wp:term":[{"taxonomy":"category","embeddable":true,"href":"https:\/\/sindenfermeiro.com.br\/index.php\/wp-json\/wp\/v2\/categories?post=45556"},{"taxonomy":"post_tag","embeddable":true,"href":"https:\/\/sindenfermeiro.com.br\/index.php\/wp-json\/wp\/v2\/tags?post=45556"}],"curies":[{"name":"wp","href":"https:\/\/api.w.org\/{rel}","templated":true}]}}