{"id":45527,"date":"2026-01-30T16:41:44","date_gmt":"2026-01-30T19:41:44","guid":{"rendered":"https:\/\/sindenfermeiro.com.br\/?p=45527"},"modified":"2026-04-30T19:11:09","modified_gmt":"2026-04-30T22:11:09","slug":"enfermeiros-e-enfermeiras-elegem-comissao-eleitoral-para-eleicoes-2026","status":"publish","type":"post","link":"https:\/\/sindenfermeiro.com.br\/index.php\/2026\/01\/30\/enfermeiros-e-enfermeiras-elegem-comissao-eleitoral-para-eleicoes-2026\/","title":{"rendered":"Enfermeiros e enfermeiras elegem Comiss\u00e3o Eleitoral para elei\u00e7\u00f5es 2026"},"content":{"rendered":"<p><img loading=\"lazy\" decoding=\"async\" class=\"alignnone size-large wp-image-45528\" src=\"https:\/\/sindenfermeiro.com.br\/wp-content\/uploads\/2026\/01\/WhatsApp-Image-2026-01-30-at-16.25.02-1024x768.jpeg\" alt=\"\" width=\"1024\" height=\"768\" srcset=\"https:\/\/sindenfermeiro.com.br\/wp-content\/uploads\/2026\/01\/WhatsApp-Image-2026-01-30-at-16.25.02-1024x768.jpeg 1024w, https:\/\/sindenfermeiro.com.br\/wp-content\/uploads\/2026\/01\/WhatsApp-Image-2026-01-30-at-16.25.02-300x225.jpeg 300w, https:\/\/sindenfermeiro.com.br\/wp-content\/uploads\/2026\/01\/WhatsApp-Image-2026-01-30-at-16.25.02-768x576.jpeg 768w, https:\/\/sindenfermeiro.com.br\/wp-content\/uploads\/2026\/01\/WhatsApp-Image-2026-01-30-at-16.25.02.jpeg 1280w\" sizes=\"auto, (max-width: 1024px) 100vw, 1024px\" \/><\/p>\n<p>&nbsp;<\/p>\n<p>Na noite de ontem (29), os enfermeiros e as enfermeiras do Distrito Federal elegeram a comiss\u00e3o eleitoral respons\u00e1vel pelas elei\u00e7\u00f5es de 2026 do Sindicato dos Enfermeiros do DF.<\/p>\n<p>A delibera\u00e7\u00e3o ocorreu em formato presencial, no audit\u00f3rio da entidade, com 82 presentes. A assembleia contou com a participa\u00e7\u00e3o da deputada distrital e enfermeira da Secretaria de Sa\u00fade do DF, Dayse Amarilo (PSB).<\/p>\n<p>Foram eleitos,com 76 votos, para compor a comiss\u00e3o eleitoral os seguintes nomes:<\/p>\n<p>Luciana Gon\u00e7alves da Silva;<br \/>\nCleidy Cris\u00f3stomo Teixeira;<br \/>\nLuciene Corado Guedes.<\/p>\n","protected":false},"excerpt":{"rendered":"<p>&nbsp; Na noite de ontem (29), os enfermeiros e as enfermeiras do Distrito Federal elegeram a comiss\u00e3o eleitoral respons\u00e1vel pelas elei\u00e7\u00f5es de 2026 do Sindicato dos Enfermeiros do DF. A delibera\u00e7\u00e3o ocorreu em formato presencial, no audit\u00f3rio da entidade, com 82 presentes. A assembleia contou com a participa\u00e7\u00e3o da deputada distrital e enfermeira da Secretaria [&hellip;]<\/p>\n","protected":false},"author":6,"featured_media":45528,"comment_status":"open","ping_status":"open","sticky":false,"template":"","format":"standard","meta":{"footnotes":""},"categories":[932],"tags":[],"class_list":["post-45527","post","type-post","status-publish","format-standard","has-post-thumbnail","hentry","category-eleicoes-26"],"_links":{"self":[{"href":"https:\/\/sindenfermeiro.com.br\/index.php\/wp-json\/wp\/v2\/posts\/45527","targetHints":{"allow":["GET"]}}],"collection":[{"href":"https:\/\/sindenfermeiro.com.br\/index.php\/wp-json\/wp\/v2\/posts"}],"about":[{"href":"https:\/\/sindenfermeiro.com.br\/index.php\/wp-json\/wp\/v2\/types\/post"}],"author":[{"embeddable":true,"href":"https:\/\/sindenfermeiro.com.br\/index.php\/wp-json\/wp\/v2\/users\/6"}],"replies":[{"embeddable":true,"href":"https:\/\/sindenfermeiro.com.br\/index.php\/wp-json\/wp\/v2\/comments?post=45527"}],"version-history":[{"count":1,"href":"https:\/\/sindenfermeiro.com.br\/index.php\/wp-json\/wp\/v2\/posts\/45527\/revisions"}],"predecessor-version":[{"id":45529,"href":"https:\/\/sindenfermeiro.com.br\/index.php\/wp-json\/wp\/v2\/posts\/45527\/revisions\/45529"}],"wp:featuredmedia":[{"embeddable":true,"href":"https:\/\/sindenfermeiro.com.br\/index.php\/wp-json\/wp\/v2\/media\/45528"}],"wp:attachment":[{"href":"https:\/\/sindenfermeiro.com.br\/index.php\/wp-json\/wp\/v2\/media?parent=45527"}],"wp:term":[{"taxonomy":"category","embeddable":true,"href":"https:\/\/sindenfermeiro.com.br\/index.php\/wp-json\/wp\/v2\/categories?post=45527"},{"taxonomy":"post_tag","embeddable":true,"href":"https:\/\/sindenfermeiro.com.br\/index.php\/wp-json\/wp\/v2\/tags?post=45527"}],"curies":[{"name":"wp","href":"https:\/\/api.w.org\/{rel}","templated":true}]}}